{"id":894,"date":"2016-10-02T15:07:39","date_gmt":"2016-10-02T13:07:39","guid":{"rendered":"http:\/\/www.cirdic.fr\/?page_id=148"},"modified":"2016-10-02T15:07:39","modified_gmt":"2016-10-02T13:07:39","slug":"quelques-citations-importantes","status":"publish","type":"post","link":"https:\/\/www.cirdic.fr\/index.php\/2016\/10\/02\/quelques-citations-importantes\/","title":{"rendered":"Quelques citations importantes &#8230;"},"content":{"rendered":"<p style=\"text-align: justify;\"><img loading=\"lazy\" decoding=\"async\" class=\"alignleft size-medium wp-image-192\" src=\"https:\/\/www.cirdic.fr\/wp-content\/uploads\/2016\/11\/53356_pape-francois-mur-lamentations-300x175.jpg\" alt=\"\" width=\"300\" height=\"175\" srcset=\"https:\/\/www.cirdic.fr\/wp-content\/uploads\/2016\/11\/53356_pape-francois-mur-lamentations-300x175.jpg 300w, https:\/\/www.cirdic.fr\/wp-content\/uploads\/2016\/11\/53356_pape-francois-mur-lamentations.jpg 650w\" sizes=\"auto, (max-width: 300px) 85vw, 300px\" \/>\u00ab\u00a0Il ne s\u2019agit pas seulement d\u2019\u00e9tablir, sur un plan humain, des relations de respect r\u00e9ciproque : nous sommes appel\u00e9s, comme chr\u00e9tiens et comme juifs, \u00e0 nous interroger en profondeur sur la signification spirituelle du lien qui nous unit. Il s\u2019agit d\u2019un lien qui vient d\u2019en-haut, qui d\u00e9passe notre volont\u00e9 et qui demeure intact, malgr\u00e9 toutes les difficult\u00e9s de relations malheureusement v\u00e9cues au cours de l\u2019histoire.\u00a0\u00bb<br \/>\n<strong>Discours du Pape Fran\u00e7ois, Centre Heichal Shlomo, J\u00e9rusalem, Lundi 26 mai 2014.<\/strong><\/p>\n<p style=\"text-align: justify;\"><!--more--><\/p>\n<p style=\"text-align: justify;\">\u201cNous sommes parvenus \u00e0 un moment historique o\u00f9 un vrai dialogue, interrompu il y a presque deux mill\u00e9naires, peut \u00e0 nouveau commencer \u2013 un dialogue, il est vrai, poursuivi comme \u00e0 voix basse par d\u2019\u00e9minents esprits trop vite ou\u00adbli\u00e9s. Il ne supprimera certes pas les oppositions ni les diff\u00e9rences entre juifs et chr\u00e9tiens. L\u2019approfondissement crois\u00e9 de la Parole de Dieu fera comprendre avec respect ce que l\u2019Esprit donne \u00e0 cha\u00adcun de comprendre et de croire. Chr\u00e9tiens et juifs se d\u00e9couvriront n\u00e9cessaires les uns aux autres dans une vision plus vive et plus forte de la grandeur du don de Dieu et de la beaut\u00e9 de la des\u00adtin\u00e9e de l\u2019hom\u00adme.\u201d <strong>Cardinal Jean-Marie Lustiger, La promesse, Parole et Silence, 2002.<\/strong><\/p>\n<p style=\"text-align: justify;\">\u00ab\u00a0L\u2019\u00c9glise ne peut oublier qu\u2019elle a re\u00e7u la r\u00e9v\u00e9lation de l\u2019Ancien Testament par ce peuple avec lequel Dieu, dans sa mis\u00e9ricorde indicible, a daign\u00e9 conclure l\u2019antique Alliance, et qu\u2019elle se nourrit de la racine de l\u2019olivier franc sur lequel ont \u00e9t\u00e9 greff\u00e9s les rameaux de l\u2019olivier sauvage que sont les Gentils&#8230; Du fait d\u2019un si grand patrimoine spirituel, commun aux chr\u00e9tiens et aux Juifs, le saint Concile veut encourager et recommander la connaissance et l\u2019estime mutuelles, qui na\u00eetront surtout d\u2019\u00e9tudes bibliques et th\u00e9ologiques, ainsi que d\u2019un dialogue fraternel.\u00a0\u00bb.<br \/>\n<strong><em>Nostra Aetate<\/em> ch. 4, Concile de Vatican II, 1965.<\/strong><\/p>\n","protected":false},"excerpt":{"rendered":"<p>\u00ab\u00a0Il ne s\u2019agit pas seulement d\u2019\u00e9tablir, sur un plan humain, des relations de respect r\u00e9ciproque : nous sommes appel\u00e9s, comme chr\u00e9tiens et comme juifs, \u00e0 nous interroger en profondeur sur la signification spirituelle du lien qui nous unit. Il s\u2019agit d\u2019un lien qui vient d\u2019en-haut, qui d\u00e9passe notre volont\u00e9 et qui demeure intact, malgr\u00e9 toutes &hellip; <a href=\"https:\/\/www.cirdic.fr\/index.php\/2016\/10\/02\/quelques-citations-importantes\/\" class=\"more-link\">Continuer la lecture<span class=\"screen-reader-text\"> de &laquo;&nbsp;Quelques citations importantes &#8230;&nbsp;&raquo;<\/span><\/a><\/p>\n","protected":false},"author":1,"featured_media":0,"comment_status":"closed","ping_status":"closed","sticky":false,"template":"","format":"standard","meta":{"_jetpack_memberships_contains_paid_content":false,"footnotes":""},"categories":[7],"tags":[],"class_list":["post-894","post","type-post","status-publish","format-standard","hentry","category-egliseetjudaisme"],"jetpack_featured_media_url":"","jetpack_sharing_enabled":true,"_links":{"self":[{"href":"https:\/\/www.cirdic.fr\/index.php\/wp-json\/wp\/v2\/posts\/894","targetHints":{"allow":["GET"]}}],"collection":[{"href":"https:\/\/www.cirdic.fr\/index.php\/wp-json\/wp\/v2\/posts"}],"about":[{"href":"https:\/\/www.cirdic.fr\/index.php\/wp-json\/wp\/v2\/types\/post"}],"author":[{"embeddable":true,"href":"https:\/\/www.cirdic.fr\/index.php\/wp-json\/wp\/v2\/users\/1"}],"replies":[{"embeddable":true,"href":"https:\/\/www.cirdic.fr\/index.php\/wp-json\/wp\/v2\/comments?post=894"}],"version-history":[{"count":0,"href":"https:\/\/www.cirdic.fr\/index.php\/wp-json\/wp\/v2\/posts\/894\/revisions"}],"wp:attachment":[{"href":"https:\/\/www.cirdic.fr\/index.php\/wp-json\/wp\/v2\/media?parent=894"}],"wp:term":[{"taxonomy":"category","embeddable":true,"href":"https:\/\/www.cirdic.fr\/index.php\/wp-json\/wp\/v2\/categories?post=894"},{"taxonomy":"post_tag","embeddable":true,"href":"https:\/\/www.cirdic.fr\/index.php\/wp-json\/wp\/v2\/tags?post=894"}],"curies":[{"name":"wp","href":"https:\/\/api.w.org\/{rel}","templated":true}]}}