{"id":84,"date":"2016-10-01T19:39:10","date_gmt":"2016-10-01T17:39:10","guid":{"rendered":"http:\/\/www.cirdic.fr\/?p=84"},"modified":"2016-10-01T19:39:10","modified_gmt":"2016-10-01T17:39:10","slug":"passage-de-temoin","status":"publish","type":"post","link":"https:\/\/www.cirdic.fr\/index.php\/2016\/10\/01\/passage-de-temoin\/","title":{"rendered":"Passage de t\u00e9moin"},"content":{"rendered":"<p style=\"text-align: justify;\"><a href=\"https:\/\/www.cirdic.fr\/wp-content\/uploads\/2016\/12\/arton2676-5ec34.jpg\"><img loading=\"lazy\" decoding=\"async\" class=\"alignleft wp-image-607 size-full\" src=\"https:\/\/www.cirdic.fr\/wp-content\/uploads\/2016\/12\/arton2676-5ec34.jpg\" alt=\"Fr\u00e8re Louis_Marie. arton2676-5ec34\" width=\"175\" height=\"200\" \/><\/a>Le 1er septembre dernier, le\u00a0<strong>Fr\u00e8re Louis-Marie Coudray\u00a0<\/strong>succ\u00e9dait au\u00a0<strong>P\u00e8re Patrick Desbois<\/strong>\u00a0au titre de directeur du\u00a0<i>Service National pour les Relations avec le Juda\u00efsme<\/i>\u00a0de la Conf\u00e9rence des \u00c9v\u00eaques de France. Au nom de l\u2019ensemble de l\u2019AJCF, nous voudrions chaleureusement les remercier pour la mission que, depuis d\u00e9j\u00e0 de longues d\u00e9cennies, l\u2019un et l\u2019autre, chacun selon son charisme propre, portent aupr\u00e8s de leurs fr\u00e8res juifs. Lire la suite de l&rsquo;article de Bruno Charmet sur le <a href=\"http:\/\/www.ajcf.fr\/passage-de-temoin.html\" target=\"_blank\" rel=\"noopener\">site de l&rsquo;AJCF<\/a>.<\/p>\n","protected":false},"excerpt":{"rendered":"<p>Le 1er septembre dernier, le\u00a0Fr\u00e8re Louis-Marie Coudray\u00a0succ\u00e9dait au\u00a0P\u00e8re Patrick Desbois\u00a0au titre de directeur du\u00a0Service National pour les Relations avec le Juda\u00efsme\u00a0de la Conf\u00e9rence des \u00c9v\u00eaques de France. Au nom de l\u2019ensemble de l\u2019AJCF, nous voudrions chaleureusement les remercier pour la mission que, depuis d\u00e9j\u00e0 de longues d\u00e9cennies, l\u2019un et l\u2019autre, chacun selon son charisme propre, &hellip; <a href=\"https:\/\/www.cirdic.fr\/index.php\/2016\/10\/01\/passage-de-temoin\/\" class=\"more-link\">Continuer la lecture<span class=\"screen-reader-text\"> de &laquo;&nbsp;Passage de t\u00e9moin&nbsp;&raquo;<\/span><\/a><\/p>\n","protected":false},"author":1,"featured_media":0,"comment_status":"closed","ping_status":"closed","sticky":false,"template":"","format":"standard","meta":{"_jetpack_memberships_contains_paid_content":false,"footnotes":""},"categories":[7],"tags":[14],"class_list":["post-84","post","type-post","status-publish","format-standard","hentry","category-egliseetjudaisme","tag-evenement"],"jetpack_featured_media_url":"","jetpack_sharing_enabled":true,"_links":{"self":[{"href":"https:\/\/www.cirdic.fr\/index.php\/wp-json\/wp\/v2\/posts\/84","targetHints":{"allow":["GET"]}}],"collection":[{"href":"https:\/\/www.cirdic.fr\/index.php\/wp-json\/wp\/v2\/posts"}],"about":[{"href":"https:\/\/www.cirdic.fr\/index.php\/wp-json\/wp\/v2\/types\/post"}],"author":[{"embeddable":true,"href":"https:\/\/www.cirdic.fr\/index.php\/wp-json\/wp\/v2\/users\/1"}],"replies":[{"embeddable":true,"href":"https:\/\/www.cirdic.fr\/index.php\/wp-json\/wp\/v2\/comments?post=84"}],"version-history":[{"count":0,"href":"https:\/\/www.cirdic.fr\/index.php\/wp-json\/wp\/v2\/posts\/84\/revisions"}],"wp:attachment":[{"href":"https:\/\/www.cirdic.fr\/index.php\/wp-json\/wp\/v2\/media?parent=84"}],"wp:term":[{"taxonomy":"category","embeddable":true,"href":"https:\/\/www.cirdic.fr\/index.php\/wp-json\/wp\/v2\/categories?post=84"},{"taxonomy":"post_tag","embeddable":true,"href":"https:\/\/www.cirdic.fr\/index.php\/wp-json\/wp\/v2\/tags?post=84"}],"curies":[{"name":"wp","href":"https:\/\/api.w.org\/{rel}","templated":true}]}}