{"id":716,"date":"2010-12-01T17:02:07","date_gmt":"2010-12-01T16:02:07","guid":{"rendered":"http:\/\/cirdictest.letraindelamemoire.fr\/?p=716"},"modified":"2010-12-01T17:02:07","modified_gmt":"2010-12-01T16:02:07","slug":"la-tora-vient-des-cieux","status":"publish","type":"post","link":"https:\/\/www.cirdic.fr\/index.php\/2010\/12\/01\/la-tora-vient-des-cieux\/","title":{"rendered":"La Tora vient des cieux"},"content":{"rendered":"<p style=\"text-align: justify;\"><em><strong>Dominique de La Maisonneuve<img loading=\"lazy\" decoding=\"async\" class=\"size-medium wp-image-1240 alignleft\" src=\"https:\/\/www.cirdic.fr\/wp-content\/uploads\/2017\/01\/DE-LA-MAISONEUVE-La-Tora-vient-des-cieux-198x300.jpg\" alt=\"\" width=\"198\" height=\"300\" srcset=\"https:\/\/www.cirdic.fr\/wp-content\/uploads\/2017\/01\/DE-LA-MAISONEUVE-La-Tora-vient-des-cieux-198x300.jpg 198w, https:\/\/www.cirdic.fr\/wp-content\/uploads\/2017\/01\/DE-LA-MAISONEUVE-La-Tora-vient-des-cieux.jpg 412w\" sizes=\"auto, (max-width: 198px) 85vw, 198px\" \/><\/strong><br \/>\n<\/em><br \/>\n<strong>Ed. Parole &amp; Silence &#8211; Avril 2010<\/strong><br \/>\n<em>Introduction au sens du langage biblique.<\/em><br \/>\nCe livre entend proposer une autre approche de la bible en s\u2019attardant sur quelques modes d\u2019expression qui ne sont peut-\u00eatre pas sans rapport avec le\u00a0message \u00e0 transmettre. ainsi l\u2019h\u00e9breu, langue originelle du premier testament, pr\u00e9sente des caract\u00e9ristiques qui semblent sous-tendre la r\u00e9v\u00e9lation qu\u2019il exprime. Plusieurs de ces caract\u00e9ristiques sont ici pr\u00e9sent\u00e9es avant une proposition de lecture d\u2019Exode 3 o\u00f9 elles seront mises en \u0153uvre.<\/p>\n","protected":false},"excerpt":{"rendered":"<p>Dominique de La Maisonneuve Ed. Parole &amp; Silence &#8211; Avril 2010 Introduction au sens du langage biblique. Ce livre entend proposer une autre approche de la bible en s\u2019attardant sur quelques modes d\u2019expression qui ne sont peut-\u00eatre pas sans rapport avec le\u00a0message \u00e0 transmettre. ainsi l\u2019h\u00e9breu, langue originelle du premier testament, pr\u00e9sente des caract\u00e9ristiques qui &hellip; <a href=\"https:\/\/www.cirdic.fr\/index.php\/2010\/12\/01\/la-tora-vient-des-cieux\/\" class=\"more-link\">Continuer la lecture<span class=\"screen-reader-text\"> de &laquo;&nbsp;La Tora vient des cieux&nbsp;&raquo;<\/span><\/a><\/p>\n","protected":false},"author":2,"featured_media":0,"comment_status":"open","ping_status":"open","sticky":false,"template":"","format":"standard","meta":{"_jetpack_memberships_contains_paid_content":false,"footnotes":""},"categories":[3],"tags":[],"class_list":["post-716","post","type-post","status-publish","format-standard","hentry","category-livre"],"jetpack_featured_media_url":"","jetpack_sharing_enabled":true,"_links":{"self":[{"href":"https:\/\/www.cirdic.fr\/index.php\/wp-json\/wp\/v2\/posts\/716","targetHints":{"allow":["GET"]}}],"collection":[{"href":"https:\/\/www.cirdic.fr\/index.php\/wp-json\/wp\/v2\/posts"}],"about":[{"href":"https:\/\/www.cirdic.fr\/index.php\/wp-json\/wp\/v2\/types\/post"}],"author":[{"embeddable":true,"href":"https:\/\/www.cirdic.fr\/index.php\/wp-json\/wp\/v2\/users\/2"}],"replies":[{"embeddable":true,"href":"https:\/\/www.cirdic.fr\/index.php\/wp-json\/wp\/v2\/comments?post=716"}],"version-history":[{"count":0,"href":"https:\/\/www.cirdic.fr\/index.php\/wp-json\/wp\/v2\/posts\/716\/revisions"}],"wp:attachment":[{"href":"https:\/\/www.cirdic.fr\/index.php\/wp-json\/wp\/v2\/media?parent=716"}],"wp:term":[{"taxonomy":"category","embeddable":true,"href":"https:\/\/www.cirdic.fr\/index.php\/wp-json\/wp\/v2\/categories?post=716"},{"taxonomy":"post_tag","embeddable":true,"href":"https:\/\/www.cirdic.fr\/index.php\/wp-json\/wp\/v2\/tags?post=716"}],"curies":[{"name":"wp","href":"https:\/\/api.w.org\/{rel}","templated":true}]}}