{"id":4594,"date":"2025-09-23T21:36:14","date_gmt":"2025-09-23T19:36:14","guid":{"rendered":"https:\/\/www.cirdic.fr\/?p=4594"},"modified":"2025-11-12T19:44:04","modified_gmt":"2025-11-12T18:44:04","slug":"la-yeshiva-des-bernardins","status":"publish","type":"post","link":"https:\/\/www.cirdic.fr\/index.php\/2025\/09\/23\/la-yeshiva-des-bernardins\/","title":{"rendered":"La yeshiva  des Bernardins"},"content":{"rendered":"\n<p><\/p>\n\n\n\n<p>L\u2019\u00e9tude de la Torah occupe une place centrale dans le juda\u00efsme. Est-il possible \u00e0 un chr\u00e9tien d\u2019apprendre \u00e0 l&rsquo;\u00e9tudier \u00e0 la mani\u00e8re juive ? C\u2019est ce que propose ce rendez-vous qui donnera la parole \u00e0 des rabbins et sp\u00e9cialistes de la Torah.<br><\/p>\n\n\n\n<figure class=\"wp-block-image size-large\"><img loading=\"lazy\" decoding=\"async\" width=\"1024\" height=\"768\" src=\"https:\/\/www.cirdic.fr\/wp-content\/uploads\/2025\/09\/IMG_9643-1024x768.jpeg\" alt=\"\" class=\"wp-image-4661\" srcset=\"https:\/\/www.cirdic.fr\/wp-content\/uploads\/2025\/09\/IMG_9643-1024x768.jpeg 1024w, https:\/\/www.cirdic.fr\/wp-content\/uploads\/2025\/09\/IMG_9643-300x225.jpeg 300w, https:\/\/www.cirdic.fr\/wp-content\/uploads\/2025\/09\/IMG_9643-768x576.jpeg 768w, https:\/\/www.cirdic.fr\/wp-content\/uploads\/2025\/09\/IMG_9643-1536x1152.jpeg 1536w, https:\/\/www.cirdic.fr\/wp-content\/uploads\/2025\/09\/IMG_9643-2048x1536.jpeg 2048w, https:\/\/www.cirdic.fr\/wp-content\/uploads\/2025\/09\/IMG_9643-1200x900.jpeg 1200w\" sizes=\"auto, (max-width: 709px) 85vw, (max-width: 909px) 67vw, (max-width: 1362px) 62vw, 840px\" \/><\/figure>\n\n\n\n<p>\u00c0 partir de la&nbsp;<em>parasha<\/em><strong>&nbsp;<\/strong>de la semaine, section du Pentateuque lue \u00e0 la synagogue, ces guides introduiront \u00e0 la lecture juive des \u00c9critures, \u00e0 ses modes de questionnement et de raisonnement, alternant enseignement magistral et lecture interactive comme cela se fait \u00e0 la yeshiva. La connaissance de l\u2019h\u00e9breu n\u2019est pas exig\u00e9e.<\/p>\n\n\n\n<p>Sous la direction du&nbsp;<strong>P. Thierry Vernet<\/strong>, &nbsp;la Yeshiva sera anim\u00e9e par des&nbsp;<strong>Rabbins<\/strong>&nbsp;et&nbsp;<strong>des biblistes<\/strong> du Coll\u00e8ge des Bernardins.<\/p>\n\n\n\n<p><strong>L&rsquo;heure du soir<\/strong>&nbsp;: une heure et demie sur des th\u00e8mes tels que la Bible, le corps, la mort, les psaumes&#8230;<\/p>\n\n\n\n<p>\u200d<\/p>\n\n\n\n<p><strong>Programme :<\/strong><\/p>\n\n\n\n<ul class=\"wp-block-list\">\n<li>06\/11\/2025 :&nbsp;<em>Vay\u00e9ra<\/em>&nbsp;(Gn 18-22) avec Mme&nbsp;<strong>Ariane Bendavid<\/strong>&nbsp;et P.&nbsp;<strong>Jean-Philippe Fabre<\/strong><\/li>\n\n\n\n<li>13\/11\/2025 :&nbsp;<em>\u2018Hay\u00e9 Sarah<\/em>&nbsp;(Gn 23-25) avec le Rabbin&nbsp;<strong>Yeshaya Dalsace<\/strong>et Mme&nbsp;<strong>Agn\u00e8s de Lamarzelle<\/strong><\/li>\n\n\n\n<li>20\/11\/2025 :&nbsp;<em>Toledot<\/em>&nbsp;(Gn 25,19-28,9) avec le Rabbin&nbsp;<strong>Mosh\u00e9 Sebbag<\/strong>et P.&nbsp;<strong>Vincent de Roquefeuil<\/strong><\/li>\n\n\n\n<li>27\/11\/2025 :&nbsp;<em>Vay\u00e9ts\u00e9<\/em>&nbsp;(Gn 28,10-32,3) avec Mme&nbsp;<strong>Ariane Bendavid&nbsp;<\/strong>et Mme&nbsp;<strong>Sandrine Can\u00e9ri<\/strong><\/li>\n\n\n\n<li>04\/12\/2025 :&nbsp;<em>Vayichla\u2019h<\/em>&nbsp;(Gn 32,4-36,43) avec le Rabbin&nbsp;<strong>Rivon Krygier<\/strong>et P.&nbsp;<strong>Alexandre Comte<\/strong><\/li>\n\n\n\n<li>11\/12\/2025 :&nbsp;<em>Vay\u00e9chev<\/em>&nbsp;(Gn 37-40) avec M.&nbsp;<strong>Michel Elbaz<\/strong>&nbsp;et Mme&nbsp;<strong>Sigrid Acker<\/strong><\/li>\n\n\n\n<li>18\/12\/2025 :&nbsp;<em>Mikets<\/em>&nbsp;(Gn 41-47) avec le Rabbin&nbsp;<strong>Yeshaya Dalsace<\/strong>&nbsp;et P.&nbsp;<strong>\u00c9tienne M\u00e9t\u00e9nier<\/strong><\/li>\n\n\n\n<li>08\/01\/2026 :&nbsp;<em>Chemot<\/em>&nbsp;(Ex 1-5) avec le Rabbin<strong>&nbsp;Philippe Haddad<\/strong>&nbsp;et P.&nbsp;<strong>Henry de Villefranche<\/strong><\/li>\n\n\n\n<li>15\/01\/2026 :&nbsp;<em>Va\u00e9ra<\/em>&nbsp;(Ex 6-9) avec le Rabbin&nbsp;<strong>Philippe Haddad<\/strong>&nbsp;et P.&nbsp;<strong>Henry de Villefranche<\/strong><\/li>\n\n\n\n<li>22\/01\/2026 :&nbsp;<em>Bo<\/em>&nbsp;(Ex 10,1-13,16) avec Mme le Rabbin&nbsp;<strong>Pauline B\u00e8be<\/strong>&nbsp;et Mme&nbsp;<strong>Sylvaine Lacout<\/strong><\/li>\n\n\n\n<li>29\/01\/2026 :&nbsp;<em>Bechala\u2019h<\/em>&nbsp;(Ex 13,17-17,15) avec M.&nbsp;<strong>Ariel Danan&nbsp;<\/strong>et P.&nbsp;<strong>Vincent de Roquefeuil<\/strong>\u200d<\/li>\n\n\n\n<li>05\/02\/2026 :&nbsp;<em>Yitro<\/em>&nbsp;(Ex 18-20) avec Mme&nbsp;<strong>Catherine Chalier<\/strong>&nbsp;et P.&nbsp;<strong>Charles-Antoine Fogielman<\/strong><\/li>\n<\/ul>\n\n\n\n<p><a href=\"https:\/\/www.facebook.com\/sharer\/sharer.php?u=https%3A%2F%2Fwww.collegedesbernardins.fr%2Fagenda%2Fyeshiva---juifs-et-chretiens-en-dialogue-2\" target=\"_blank\" rel=\"noreferrer noopener\"><\/a><a href=\"https:\/\/www.facebook.com\/sharer\/sharer.php?u=https%3A%2F%2Fwww.collegedesbernardins.fr%2Fagenda%2Fyeshiva---juifs-et-chretiens-en-dialogue-2\" target=\"_blank\" rel=\"noreferrer noopener\"><\/a><a href=\"https:\/\/api.whatsapp.com\/send\/?text=%C2%AB%20Yeshiva%20%C2%BB%20%E2%80%93%20Juifs%20et%20chr%C3%A9tiens%20en%20dialogue%20https%3A%2F%2Fwww.collegedesbernardins.fr%2Fagenda%2Fyeshiva---juifs-et-chretiens-en-dialogue-2\" target=\"_blank\" rel=\"noreferrer noopener\"><\/a><a href=\"https:\/\/pinterest.com\/pin\/create\/button\/?url=https%3A%2F%2Fwww.collegedesbernardins.fr%2Fagenda%2Fyeshiva---juifs-et-chretiens-en-dialogue-2&amp;description=%C2%AB%20Yeshiva%20%C2%BB%20%E2%80%93%20Juifs%20et%20chr%C3%A9tiens%20en%20dialogue\" target=\"_blank\" rel=\"noreferrer noopener\"><\/a><a href=\"https:\/\/twitter.com\/intent\/post\/?url=https%3A%2F%2Fwww.collegedesbernardins.fr%2Fagenda%2Fyeshiva---juifs-et-chretiens-en-dialogue-2&amp;text=%C2%AB%20Yeshiva%20%C2%BB%20%E2%80%93%20Juifs%20et%20chr%C3%A9tiens%20en%20dialogue\" target=\"_blank\" rel=\"noreferrer noopener\"><\/a><a href=\"https:\/\/t.me\/share\/url?url=https%3A%2F%2Fwww.collegedesbernardins.fr%2Fagenda%2Fyeshiva---juifs-et-chretiens-en-dialogue-2&amp;text=%C2%AB%20Yeshiva%20%C2%BB%20%E2%80%93%20Juifs%20et%20chr%C3%A9tiens%20en%20dialogue\" target=\"_blank\" rel=\"noreferrer noopener\"><\/a><a href=\"https:\/\/www.linkedin.com\/sharing\/share-offsite\/?url=https%3A%2F%2Fwww.collegedesbernardins.fr%2Fagenda%2Fyeshiva---juifs-et-chretiens-en-dialogue-2\" target=\"_blank\" rel=\"noreferrer noopener\"><\/a><\/p>\n\n\n\n<p>Tarif normal : 10\u20ac<br>Tarif r\u00e9duit : 5\u20ac<br>Tarif soutien : 25 \u20ac<br>\u200d<\/p>\n\n\n\n<p><\/p>\n\n\n<nav class=\"is-responsive wp-block-navigation is-layout-flex wp-block-navigation-is-layout-flex\" \n\t\t data-wp-interactive=\"core\/navigation\" data-wp-context='{\"overlayOpenedBy\":{\"click\":false,\"hover\":false,\"focus\":false},\"type\":\"overlay\",\"roleAttribute\":\"\",\"ariaLabel\":\"Menu\"}'><button aria-haspopup=\"dialog\" aria-label=\"Ouvrir le menu\" class=\"wp-block-navigation__responsive-container-open\" \n\t\t\t\tdata-wp-on--click=\"actions.openMenuOnClick\"\n\t\t\t\tdata-wp-on--keydown=\"actions.handleMenuKeydown\"\n\t\t\t><svg width=\"24\" height=\"24\" xmlns=\"http:\/\/www.w3.org\/2000\/svg\" viewBox=\"0 0 24 24\" aria-hidden=\"true\" focusable=\"false\"><path d=\"M4 7.5h16v1.5H4z\"><\/path><path d=\"M4 15h16v1.5H4z\"><\/path><\/svg><\/button>\n\t\t\t\t<div class=\"wp-block-navigation__responsive-container\"  id=\"modal-1\" \n\t\t\t\tdata-wp-class--has-modal-open=\"state.isMenuOpen\"\n\t\t\t\tdata-wp-class--is-menu-open=\"state.isMenuOpen\"\n\t\t\t\tdata-wp-watch=\"callbacks.initMenu\"\n\t\t\t\tdata-wp-on--keydown=\"actions.handleMenuKeydown\"\n\t\t\t\tdata-wp-on--focusout=\"actions.handleMenuFocusout\"\n\t\t\t\ttabindex=\"-1\"\n\t\t\t>\n\t\t\t\t\t<div class=\"wp-block-navigation__responsive-close\" tabindex=\"-1\">\n\t\t\t\t\t\t<div class=\"wp-block-navigation__responsive-dialog\" \n\t\t\t\tdata-wp-bind--aria-modal=\"state.ariaModal\"\n\t\t\t\tdata-wp-bind--aria-label=\"state.ariaLabel\"\n\t\t\t\tdata-wp-bind--role=\"state.roleAttribute\"\n\t\t\t>\n\t\t\t\t\t\t\t<button aria-label=\"Fermer le menu\" class=\"wp-block-navigation__responsive-container-close\" \n\t\t\t\tdata-wp-on--click=\"actions.closeMenuOnClick\"\n\t\t\t><svg xmlns=\"http:\/\/www.w3.org\/2000\/svg\" viewBox=\"0 0 24 24\" width=\"24\" height=\"24\" aria-hidden=\"true\" focusable=\"false\"><path d=\"m13.06 12 6.47-6.47-1.06-1.06L12 10.94 5.53 4.47 4.47 5.53 10.94 12l-6.47 6.47 1.06 1.06L12 13.06l6.47 6.47 1.06-1.06L13.06 12Z\"><\/path><\/svg><\/button>\n\t\t\t\t\t\t\t<div class=\"wp-block-navigation__responsive-container-content\" \n\t\t\t\tdata-wp-watch=\"callbacks.focusFirstElement\"\n\t\t\t id=\"modal-1-content\">\n\t\t\t\t\t\t\t\t<ul class=\"wp-block-navigation__container is-responsive wp-block-navigation\"><li class=\" wp-block-navigation-item  menu-item menu-item-type-custom menu-item-object-custom menu-item-home wp-block-navigation-link\"><a class=\"wp-block-navigation-item__content\"  href=\"https:\/\/www.cirdic.fr\" title=\"\"><span class=\"wp-block-navigation-item__label\">Accueil<\/span><\/a><\/li><li data-wp-context=\"{ &quot;submenuOpenedBy&quot;: { &quot;click&quot;: false, &quot;hover&quot;: false, &quot;focus&quot;: false }, &quot;type&quot;: &quot;submenu&quot;, &quot;modal&quot;: null, &quot;previousFocus&quot;: null }\" data-wp-interactive=\"core\/navigation\" data-wp-on--focusout=\"actions.handleMenuFocusout\" data-wp-on--keydown=\"actions.handleMenuKeydown\" data-wp-on--mouseenter=\"actions.openMenuOnHover\" data-wp-on--mouseleave=\"actions.closeMenuOnHover\" data-wp-watch=\"callbacks.initMenu\" tabindex=\"-1\" class=\"wp-block-navigation-item has-child open-on-hover-click  menu-item menu-item-type-post_type menu-item-object-page wp-block-navigation-submenu\"><a class=\"wp-block-navigation-item__content\" href=\"https:\/\/www.cirdic.fr\/index.php\/formation\/\" title=\"\"><span class=\"wp-block-navigation-item__label\">Se former<\/span><\/a><button data-wp-bind--aria-expanded=\"state.isMenuOpen\" data-wp-on--click=\"actions.toggleMenuOnClick\" aria-label=\"Sous-menu Se former\" class=\"wp-block-navigation__submenu-icon wp-block-navigation-submenu__toggle\" ><svg xmlns=\"http:\/\/www.w3.org\/2000\/svg\" width=\"12\" height=\"12\" viewBox=\"0 0 12 12\" fill=\"none\" aria-hidden=\"true\" focusable=\"false\"><path d=\"M1.50002 4L6.00002 8L10.5 4\" stroke-width=\"1.5\"><\/path><\/svg><\/button><ul data-wp-on--focus=\"actions.openMenuOnFocus\" class=\"wp-block-navigation__submenu-container  menu-item menu-item-type-post_type menu-item-object-page wp-block-navigation-submenu\"><li class=\" wp-block-navigation-item  menu-item menu-item-type-post_type menu-item-object-page wp-block-navigation-link\"><a class=\"wp-block-navigation-item__content\"  href=\"https:\/\/www.cirdic.fr\/index.php\/formation\/cours-du-cirdic\/\" title=\"\"><span class=\"wp-block-navigation-item__label\">Les propositions du CIRDIC<\/span><\/a><\/li><li class=\" wp-block-navigation-item  menu-item menu-item-type-post_type menu-item-object-page wp-block-navigation-link\"><a class=\"wp-block-navigation-item__content\"  href=\"https:\/\/www.cirdic.fr\/index.php\/le-centre-chretien-detudes-juives-ccdej\/\" title=\"\"><span class=\"wp-block-navigation-item__label\">O\u00f9 se former ?<\/span><\/a><\/li><li class=\" wp-block-navigation-item  menu-item menu-item-type-taxonomy menu-item-object-category wp-block-navigation-link\"><a class=\"wp-block-navigation-item__content\"  href=\"https:\/\/www.cirdic.fr\/index.php\/category\/conferences\/\" title=\"\"><span class=\"wp-block-navigation-item__label\">Conf\u00e9rences<\/span><\/a><\/li><li class=\" wp-block-navigation-item  menu-item menu-item-type-taxonomy menu-item-object-category wp-block-navigation-link\"><a class=\"wp-block-navigation-item__content\"  href=\"https:\/\/www.cirdic.fr\/index.php\/category\/sessions-we\/\" title=\"\"><span class=\"wp-block-navigation-item__label\">Sessions &#8211; WE<\/span><\/a><\/li><\/ul><\/li><li data-wp-context=\"{ &quot;submenuOpenedBy&quot;: { &quot;click&quot;: false, &quot;hover&quot;: false, &quot;focus&quot;: false }, &quot;type&quot;: &quot;submenu&quot;, &quot;modal&quot;: null, &quot;previousFocus&quot;: null }\" data-wp-interactive=\"core\/navigation\" data-wp-on--focusout=\"actions.handleMenuFocusout\" data-wp-on--keydown=\"actions.handleMenuKeydown\" data-wp-on--mouseenter=\"actions.openMenuOnHover\" data-wp-on--mouseleave=\"actions.closeMenuOnHover\" data-wp-watch=\"callbacks.initMenu\" tabindex=\"-1\" class=\"wp-block-navigation-item has-child open-on-hover-click  menu-item menu-item-type-post_type menu-item-object-page wp-block-navigation-submenu\"><a class=\"wp-block-navigation-item__content\" href=\"https:\/\/www.cirdic.fr\/index.php\/sinformer\/\" title=\"\"><span class=\"wp-block-navigation-item__label\">Su0026rsquo;informer<\/span><\/a><button data-wp-bind--aria-expanded=\"state.isMenuOpen\" data-wp-on--click=\"actions.toggleMenuOnClick\" aria-label=\"Sous-menu Su0026rsquo;informer\" class=\"wp-block-navigation__submenu-icon wp-block-navigation-submenu__toggle\" ><svg xmlns=\"http:\/\/www.w3.org\/2000\/svg\" width=\"12\" height=\"12\" viewBox=\"0 0 12 12\" fill=\"none\" aria-hidden=\"true\" focusable=\"false\"><path d=\"M1.50002 4L6.00002 8L10.5 4\" stroke-width=\"1.5\"><\/path><\/svg><\/button><ul data-wp-on--focus=\"actions.openMenuOnFocus\" class=\"wp-block-navigation__submenu-container  menu-item menu-item-type-post_type menu-item-object-page wp-block-navigation-submenu\"><li class=\" wp-block-navigation-item  menu-item menu-item-type-post_type menu-item-object-page wp-block-navigation-link\"><a class=\"wp-block-navigation-item__content\"  href=\"https:\/\/www.cirdic.fr\/index.php\/sinformer\/lettres-du-dimanche\/\" title=\"\"><span class=\"wp-block-navigation-item__label\">La lettre du Dimanche<\/span><\/a><\/li><li class=\" wp-block-navigation-item  menu-item menu-item-type-post_type menu-item-object-page wp-block-navigation-link\"><a class=\"wp-block-navigation-item__content\"  href=\"https:\/\/www.cirdic.fr\/index.php\/sinformer\/la-bibliotheque-du-sidic\/\" title=\"\"><span class=\"wp-block-navigation-item__label\">La Biblioth\u00e8que du CIRDIC<\/span><\/a><\/li><li class=\" wp-block-navigation-item  menu-item menu-item-type-taxonomy menu-item-object-category wp-block-navigation-link\"><a class=\"wp-block-navigation-item__content\"  href=\"https:\/\/www.cirdic.fr\/index.php\/category\/egliseetjudaisme\/\" title=\"\"><span class=\"wp-block-navigation-item__label\">Eglise et Synagogue<\/span><\/a><\/li><li class=\" wp-block-navigation-item  menu-item menu-item-type-taxonomy menu-item-object-category wp-block-navigation-link\"><a class=\"wp-block-navigation-item__content\"  href=\"https:\/\/www.cirdic.fr\/index.php\/category\/judaisme\/\" title=\"\"><span class=\"wp-block-navigation-item__label\">Juda\u00efsme<\/span><\/a><\/li><li class=\" wp-block-navigation-item  menu-item menu-item-type-taxonomy menu-item-object-category wp-block-navigation-link\"><a class=\"wp-block-navigation-item__content\"  href=\"https:\/\/www.cirdic.fr\/index.php\/category\/ouvrir-la-bible\/\" title=\"\"><span class=\"wp-block-navigation-item__label\">Ouvrir la Bible<\/span><\/a><\/li><li class=\" wp-block-navigation-item  menu-item menu-item-type-taxonomy menu-item-object-category wp-block-navigation-link\"><a class=\"wp-block-navigation-item__content\"  href=\"https:\/\/www.cirdic.fr\/index.php\/category\/apprendre-a-prier\/\" title=\"\"><span class=\"wp-block-navigation-item__label\">Apprendre \u00e0 prier<\/span><\/a><\/li><li data-wp-context=\"{ &quot;submenuOpenedBy&quot;: { &quot;click&quot;: false, &quot;hover&quot;: false, &quot;focus&quot;: false }, &quot;type&quot;: &quot;submenu&quot;, &quot;modal&quot;: null, &quot;previousFocus&quot;: null }\" data-wp-interactive=\"core\/navigation\" data-wp-on--focusout=\"actions.handleMenuFocusout\" data-wp-on--keydown=\"actions.handleMenuKeydown\" data-wp-on--mouseenter=\"actions.openMenuOnHover\" data-wp-on--mouseleave=\"actions.closeMenuOnHover\" data-wp-watch=\"callbacks.initMenu\" tabindex=\"-1\" class=\"wp-block-navigation-item has-child open-on-hover-click  menu-item menu-item-type-taxonomy menu-item-object-category wp-block-navigation-submenu\"><a class=\"wp-block-navigation-item__content\" href=\"https:\/\/www.cirdic.fr\/index.php\/category\/histoire\/\" title=\"\"><span class=\"wp-block-navigation-item__label\">Histoire<\/span><\/a><button data-wp-bind--aria-expanded=\"state.isMenuOpen\" data-wp-on--click=\"actions.toggleMenuOnClick\" aria-label=\"Sous-menu Histoire\" class=\"wp-block-navigation__submenu-icon wp-block-navigation-submenu__toggle\" ><svg xmlns=\"http:\/\/www.w3.org\/2000\/svg\" width=\"12\" height=\"12\" viewBox=\"0 0 12 12\" fill=\"none\" aria-hidden=\"true\" focusable=\"false\"><path d=\"M1.50002 4L6.00002 8L10.5 4\" stroke-width=\"1.5\"><\/path><\/svg><\/button><ul data-wp-on--focus=\"actions.openMenuOnFocus\" class=\"wp-block-navigation__submenu-container  menu-item menu-item-type-taxonomy menu-item-object-category wp-block-navigation-submenu\"><li class=\" wp-block-navigation-item  menu-item menu-item-type-taxonomy menu-item-object-category wp-block-navigation-link\"><a class=\"wp-block-navigation-item__content\"  href=\"https:\/\/www.cirdic.fr\/index.php\/category\/histoire\/antisemitisme\/\" title=\"\"><span class=\"wp-block-navigation-item__label\">Antis\u00e9mitisme<\/span><\/a><\/li><li class=\" wp-block-navigation-item  menu-item menu-item-type-taxonomy menu-item-object-category wp-block-navigation-link\"><a class=\"wp-block-navigation-item__content\"  href=\"https:\/\/www.cirdic.fr\/index.php\/category\/histoire\/shoah\/\" title=\"\"><span class=\"wp-block-navigation-item__label\">Shoah<\/span><\/a><\/li><\/ul><\/li><li class=\" wp-block-navigation-item  menu-item menu-item-type-post_type menu-item-object-page wp-block-navigation-link\"><a class=\"wp-block-navigation-item__content\"  href=\"https:\/\/www.cirdic.fr\/index.php\/formation\/textes-et-documents-de-reference\/\" title=\"\"><span class=\"wp-block-navigation-item__label\">Textes et documents de r\u00e9f\u00e9rence<\/span><\/a><\/li><\/ul><\/li><li data-wp-context=\"{ &quot;submenuOpenedBy&quot;: { &quot;click&quot;: false, &quot;hover&quot;: false, &quot;focus&quot;: false }, &quot;type&quot;: &quot;submenu&quot;, &quot;modal&quot;: null, &quot;previousFocus&quot;: null }\" data-wp-interactive=\"core\/navigation\" data-wp-on--focusout=\"actions.handleMenuFocusout\" data-wp-on--keydown=\"actions.handleMenuKeydown\" data-wp-on--mouseenter=\"actions.openMenuOnHover\" data-wp-on--mouseleave=\"actions.closeMenuOnHover\" data-wp-watch=\"callbacks.initMenu\" tabindex=\"-1\" class=\"wp-block-navigation-item has-child open-on-hover-click  menu-item menu-item-type-post_type menu-item-object-page wp-block-navigation-submenu\"><a class=\"wp-block-navigation-item__content\" href=\"https:\/\/www.cirdic.fr\/index.php\/a-voir-a-lire\/\" title=\"\"><span class=\"wp-block-navigation-item__label\">A voir, \u00e0 lire<\/span><\/a><button data-wp-bind--aria-expanded=\"state.isMenuOpen\" data-wp-on--click=\"actions.toggleMenuOnClick\" aria-label=\"Sous-menu A voir, \u00e0 lire\" class=\"wp-block-navigation__submenu-icon wp-block-navigation-submenu__toggle\" ><svg xmlns=\"http:\/\/www.w3.org\/2000\/svg\" width=\"12\" height=\"12\" viewBox=\"0 0 12 12\" fill=\"none\" aria-hidden=\"true\" focusable=\"false\"><path d=\"M1.50002 4L6.00002 8L10.5 4\" stroke-width=\"1.5\"><\/path><\/svg><\/button><ul data-wp-on--focus=\"actions.openMenuOnFocus\" class=\"wp-block-navigation__submenu-container  menu-item menu-item-type-post_type menu-item-object-page wp-block-navigation-submenu\"><li class=\" wp-block-navigation-item  menu-item menu-item-type-taxonomy menu-item-object-category wp-block-navigation-link\"><a class=\"wp-block-navigation-item__content\"  href=\"https:\/\/www.cirdic.fr\/index.php\/category\/a-voir-a-lire\/expositions\/\" title=\"\"><span class=\"wp-block-navigation-item__label\">Expositions<\/span><\/a><\/li><li class=\" wp-block-navigation-item  menu-item menu-item-type-taxonomy menu-item-object-category wp-block-navigation-link\"><a class=\"wp-block-navigation-item__content\"  href=\"https:\/\/www.cirdic.fr\/index.php\/category\/a-voir-a-lire\/film\/\" title=\"\"><span class=\"wp-block-navigation-item__label\">Films<\/span><\/a><\/li><li class=\" wp-block-navigation-item  menu-item menu-item-type-taxonomy menu-item-object-category wp-block-navigation-link\"><a class=\"wp-block-navigation-item__content\"  href=\"https:\/\/www.cirdic.fr\/index.php\/category\/a-voir-a-lire\/livre\/\" title=\"\"><span class=\"wp-block-navigation-item__label\">Livres<\/span><\/a><\/li><li class=\" wp-block-navigation-item  menu-item menu-item-type-post_type menu-item-object-page wp-block-navigation-link\"><a class=\"wp-block-navigation-item__content\"  href=\"https:\/\/www.cirdic.fr\/index.php\/sinformer\/video-importantes-a-voir-et-revoir\/\" title=\"\"><span class=\"wp-block-navigation-item__label\">Videos importantes \u00e0 regarder\u2026<\/span><\/a><\/li><li class=\" wp-block-navigation-item  menu-item menu-item-type-taxonomy menu-item-object-category wp-block-navigation-link\"><a class=\"wp-block-navigation-item__content\"  href=\"https:\/\/www.cirdic.fr\/index.php\/category\/a-voir-a-lire\/video\/\" title=\"\"><span class=\"wp-block-navigation-item__label\">Vid\u00e9os<\/span><\/a><\/li><li class=\" wp-block-navigation-item  menu-item menu-item-type-taxonomy menu-item-object-category wp-block-navigation-link\"><a class=\"wp-block-navigation-item__content\"  href=\"https:\/\/www.cirdic.fr\/index.php\/category\/a-voir-a-lire\/theatre\/\" title=\"\"><span class=\"wp-block-navigation-item__label\">Th\u00e9\u00e2tre<\/span><\/a><\/li><\/ul><\/li><li data-wp-context=\"{ &quot;submenuOpenedBy&quot;: { &quot;click&quot;: false, &quot;hover&quot;: false, &quot;focus&quot;: false }, &quot;type&quot;: &quot;submenu&quot;, &quot;modal&quot;: null, &quot;previousFocus&quot;: null }\" data-wp-interactive=\"core\/navigation\" data-wp-on--focusout=\"actions.handleMenuFocusout\" data-wp-on--keydown=\"actions.handleMenuKeydown\" data-wp-on--mouseenter=\"actions.openMenuOnHover\" data-wp-on--mouseleave=\"actions.closeMenuOnHover\" data-wp-watch=\"callbacks.initMenu\" tabindex=\"-1\" class=\"wp-block-navigation-item has-child open-on-hover-click  menu-item menu-item-type-post_type menu-item-object-page wp-block-navigation-submenu\"><a class=\"wp-block-navigation-item__content\" href=\"https:\/\/www.cirdic.fr\/index.php\/qui-sommes-nous-2\/\" title=\"\"><span class=\"wp-block-navigation-item__label\">L&rsquo;association CIRDIC<\/span><\/a><button data-wp-bind--aria-expanded=\"state.isMenuOpen\" data-wp-on--click=\"actions.toggleMenuOnClick\" aria-label=\"Sous-menu L&#039;association CIRDIC\" class=\"wp-block-navigation__submenu-icon wp-block-navigation-submenu__toggle\" ><svg xmlns=\"http:\/\/www.w3.org\/2000\/svg\" width=\"12\" height=\"12\" viewBox=\"0 0 12 12\" fill=\"none\" aria-hidden=\"true\" focusable=\"false\"><path d=\"M1.50002 4L6.00002 8L10.5 4\" stroke-width=\"1.5\"><\/path><\/svg><\/button><ul data-wp-on--focus=\"actions.openMenuOnFocus\" class=\"wp-block-navigation__submenu-container  menu-item menu-item-type-post_type menu-item-object-page wp-block-navigation-submenu\"><li data-wp-context=\"{ &quot;submenuOpenedBy&quot;: { &quot;click&quot;: false, &quot;hover&quot;: false, &quot;focus&quot;: false }, &quot;type&quot;: &quot;submenu&quot;, &quot;modal&quot;: null, &quot;previousFocus&quot;: null }\" data-wp-interactive=\"core\/navigation\" data-wp-on--focusout=\"actions.handleMenuFocusout\" data-wp-on--keydown=\"actions.handleMenuKeydown\" data-wp-on--mouseenter=\"actions.openMenuOnHover\" data-wp-on--mouseleave=\"actions.closeMenuOnHover\" data-wp-watch=\"callbacks.initMenu\" tabindex=\"-1\" class=\"wp-block-navigation-item has-child open-on-hover-click  menu-item menu-item-type-post_type menu-item-object-post wp-block-navigation-submenu\"><a class=\"wp-block-navigation-item__content\" href=\"https:\/\/www.cirdic.fr\/index.php\/2017\/06\/28\/mission-du-cirdic\/\" title=\"\"><span class=\"wp-block-navigation-item__label\">Le CIRDIC<\/span><\/a><button data-wp-bind--aria-expanded=\"state.isMenuOpen\" data-wp-on--click=\"actions.toggleMenuOnClick\" aria-label=\"Sous-menu Le CIRDIC\" class=\"wp-block-navigation__submenu-icon wp-block-navigation-submenu__toggle\" ><svg xmlns=\"http:\/\/www.w3.org\/2000\/svg\" width=\"12\" height=\"12\" viewBox=\"0 0 12 12\" fill=\"none\" aria-hidden=\"true\" focusable=\"false\"><path d=\"M1.50002 4L6.00002 8L10.5 4\" stroke-width=\"1.5\"><\/path><\/svg><\/button><ul data-wp-on--focus=\"actions.openMenuOnFocus\" class=\"wp-block-navigation__submenu-container  menu-item menu-item-type-post_type menu-item-object-post wp-block-navigation-submenu\"><li class=\" wp-block-navigation-item  menu-item menu-item-type-taxonomy menu-item-object-category wp-block-navigation-link\"><a class=\"wp-block-navigation-item__content\"  href=\"https:\/\/www.cirdic.fr\/index.php\/category\/egliseetjudaisme\/les-pionniers\/\" title=\"\"><span class=\"wp-block-navigation-item__label\">Les pionniers<\/span><\/a><\/li><li class=\" wp-block-navigation-item  menu-item menu-item-type-taxonomy menu-item-object-category wp-block-navigation-link\"><a class=\"wp-block-navigation-item__content\"  href=\"https:\/\/www.cirdic.fr\/index.php\/category\/vie-du-cirdic\/les-acteurs\/\" title=\"\"><span class=\"wp-block-navigation-item__label\">Les acteurs<\/span><\/a><\/li><li class=\" wp-block-navigation-item  menu-item menu-item-type-post_type menu-item-object-page wp-block-navigation-link\"><a class=\"wp-block-navigation-item__content\"  href=\"https:\/\/www.cirdic.fr\/index.php\/liens\/\" title=\"\"><span class=\"wp-block-navigation-item__label\">Nos partenaires<\/span><\/a><\/li><\/ul><\/li><li class=\" wp-block-navigation-item  menu-item menu-item-type-taxonomy menu-item-object-category wp-block-navigation-link\"><a class=\"wp-block-navigation-item__content\"  href=\"https:\/\/www.cirdic.fr\/index.php\/category\/vie-du-cirdic\/\" title=\"\"><span class=\"wp-block-navigation-item__label\">Vie du CIRDIC<\/span><\/a><\/li><li class=\" wp-block-navigation-item  menu-item menu-item-type-post_type menu-item-object-page wp-block-navigation-link\"><a class=\"wp-block-navigation-item__content\"  href=\"https:\/\/www.cirdic.fr\/index.php\/qui-sommes-nous-2\/contacts\/\" title=\"\"><span class=\"wp-block-navigation-item__label\">Contacts<\/span><\/a><\/li><li class=\" wp-block-navigation-item  menu-item menu-item-type-custom menu-item-object-custom wp-block-navigation-link\"><a class=\"wp-block-navigation-item__content\"  href=\"http:\/\/localhost:8001\/wp-content\/uploads\/2020\/11\/Appel-de-cotisation-2020.pdf\" title=\"\"><span class=\"wp-block-navigation-item__label\">Bulletin d&rsquo;adh\u00e9sion<\/span><\/a><\/li><li class=\" wp-block-navigation-item  menu-item menu-item-type-post_type menu-item-object-page wp-block-navigation-link\"><a class=\"wp-block-navigation-item__content\"  href=\"https:\/\/www.cirdic.fr\/index.php\/qui-sommes-nous-2\/nous-aider\/\" title=\"\"><span class=\"wp-block-navigation-item__label\">Nous aider<\/span><\/a><\/li><li class=\" wp-block-navigation-item  menu-item menu-item-type-post_type menu-item-object-page menu-item-privacy-policy wp-block-navigation-link\"><a class=\"wp-block-navigation-item__content\"  href=\"https:\/\/www.cirdic.fr\/index.php\/politique-de-confidentialite\/\" title=\"\"><span class=\"wp-block-navigation-item__label\">Politique de confidentialit\u00e9<\/span><\/a><\/li><\/ul><\/li><\/ul>\n\t\t\t\t\t\t\t<\/div>\n\t\t\t\t\t\t<\/div>\n\t\t\t\t\t<\/div>\n\t\t\t\t<\/div><\/nav>\n\n\n<p><\/p>\n","protected":false},"excerpt":{"rendered":"<p>L\u2019\u00e9tude de la Torah occupe une place centrale dans le juda\u00efsme. Est-il possible \u00e0 un chr\u00e9tien d\u2019apprendre \u00e0 l&rsquo;\u00e9tudier \u00e0 la mani\u00e8re juive ? C\u2019est ce que propose ce rendez-vous qui donnera la parole \u00e0 des rabbins et sp\u00e9cialistes de la Torah. \u00c0 partir de la&nbsp;parasha&nbsp;de la semaine, section du Pentateuque lue \u00e0 la synagogue, &hellip; <a href=\"https:\/\/www.cirdic.fr\/index.php\/2025\/09\/23\/la-yeshiva-des-bernardins\/\" class=\"more-link\">Continuer la lecture<span class=\"screen-reader-text\"> de &laquo;&nbsp;La yeshiva  des Bernardins&nbsp;&raquo;<\/span><\/a><\/p>\n","protected":false},"author":6,"featured_media":0,"comment_status":"closed","ping_status":"","sticky":false,"template":"","format":"standard","meta":{"_jetpack_memberships_contains_paid_content":false,"footnotes":""},"categories":[1],"tags":[],"class_list":["post-4594","post","type-post","status-publish","format-standard","hentry","category-non-classe"],"jetpack_featured_media_url":"","jetpack_sharing_enabled":true,"_links":{"self":[{"href":"https:\/\/www.cirdic.fr\/index.php\/wp-json\/wp\/v2\/posts\/4594","targetHints":{"allow":["GET"]}}],"collection":[{"href":"https:\/\/www.cirdic.fr\/index.php\/wp-json\/wp\/v2\/posts"}],"about":[{"href":"https:\/\/www.cirdic.fr\/index.php\/wp-json\/wp\/v2\/types\/post"}],"author":[{"embeddable":true,"href":"https:\/\/www.cirdic.fr\/index.php\/wp-json\/wp\/v2\/users\/6"}],"replies":[{"embeddable":true,"href":"https:\/\/www.cirdic.fr\/index.php\/wp-json\/wp\/v2\/comments?post=4594"}],"version-history":[{"count":3,"href":"https:\/\/www.cirdic.fr\/index.php\/wp-json\/wp\/v2\/posts\/4594\/revisions"}],"predecessor-version":[{"id":4665,"href":"https:\/\/www.cirdic.fr\/index.php\/wp-json\/wp\/v2\/posts\/4594\/revisions\/4665"}],"wp:attachment":[{"href":"https:\/\/www.cirdic.fr\/index.php\/wp-json\/wp\/v2\/media?parent=4594"}],"wp:term":[{"taxonomy":"category","embeddable":true,"href":"https:\/\/www.cirdic.fr\/index.php\/wp-json\/wp\/v2\/categories?post=4594"},{"taxonomy":"post_tag","embeddable":true,"href":"https:\/\/www.cirdic.fr\/index.php\/wp-json\/wp\/v2\/tags?post=4594"}],"curies":[{"name":"wp","href":"https:\/\/api.w.org\/{rel}","templated":true}]}}