{"id":442,"date":"2016-10-01T11:30:56","date_gmt":"2016-10-01T09:30:56","guid":{"rendered":"http:\/\/www.cirdic.fr\/?p=442"},"modified":"2023-07-20T17:59:45","modified_gmt":"2023-07-20T15:59:45","slug":"24-jours-sur-laffaire-ilan-halimi","status":"publish","type":"post","link":"https:\/\/www.cirdic.fr\/index.php\/2016\/10\/01\/24-jours-sur-laffaire-ilan-halimi\/","title":{"rendered":"\u00ab\u00a024 jours. La v\u00e9rit\u00e9 sur l&rsquo;affaire Ilan Halimi\u00a0\u00bb"},"content":{"rendered":"<h2 style=\"text-align: justify;\">Film d&rsquo;Alexandre Arcady<\/h2>\n<p>&nbsp;<\/p>\n<p style=\"text-align: justify;\">Ce film, boud\u00e9 par le public, a \u00e9t\u00e9 vu pour nous par une jeune \u00e9tudiante en droit qui a bien voulu nous livrer ses r\u00e9flexions :<br \/>\nCe film fait la preuve que, dans ce monde du XXIe si\u00e8cle, les juifs sont encore soumis \u00e0 des horreurs \u2013 qui ne se justifient d\u2019aucune mani\u00e8re. Les avanc\u00e9es technologiques ne permettent cependant pas d\u2019attraper le coupable.<\/p>\n<p style=\"text-align: justify;\"><!--more-->Plut\u00f4t que de se focaliser sur les horreurs de la d\u00e9tention, sur la torture subie par Ilan Halimi, Alexandre Arcady s\u2019attache \u00e0 montrer les r\u00e9actions de la famille et les efforts des policiers dans leurs recherches.<br \/>\nLes parents \u2013 s\u00e9par\u00e9s \u2013 restent plut\u00f4t froids, distants, peu causants : ils luttent pour continuer \u00e0 vivre. Le p\u00e8re est particuli\u00e8rement confiant dans la police et se soumet \u00e0 toutes ses demandes. Mais la police, de m\u00eame que la psychologue, se manifestent assez incomp\u00e9tents. Ils leur donnent de faux espoirs, pr\u00e9tendant, \u00e0 tort, avoir arr\u00eat\u00e9 le coupable.<br \/>\nLa psychologue, quant \u00e0 elle, demande au p\u00e8re d\u2019Ilan de jouer le jeu du responsable de ce crime (plus de 600 appels t\u00e9l\u00e9phoniques) sans se soucier de l\u2019impact sur le p\u00e8re\u2026 Ses conseils vont m\u00eame aboutir \u00e0 une faute manifeste : humilier celui qui tire les ficelles de l\u2019enl\u00e8vement, ce dont on peut penser que cela a contribu\u00e9 \u00e0 la mise \u00e0 mort.<br \/>\nLa m\u00e8re finira par manifester sa d\u00e9ception des policiers qui n\u2019ont m\u00eame pas d\u00e9tect\u00e9 le caract\u00e8re antis\u00e9mite du crime. Ces derniers sont \u00e9bahis de constater que les complices sont des jeunes, des \u00ab gamins \u00bb, et non des experts comme ils l\u2019avaient cru durant toute l\u2019enqu\u00eate. La police se r\u00e9v\u00e8le donc particuli\u00e8rement incomp\u00e9tente.<\/p>\n<p>Dur\u00e9e : 1h50<\/p>\n","protected":false},"excerpt":{"rendered":"<p>Film d&rsquo;Alexandre Arcady &nbsp; Ce film, boud\u00e9 par le public, a \u00e9t\u00e9 vu pour nous par une jeune \u00e9tudiante en droit qui a bien voulu nous livrer ses r\u00e9flexions : Ce film fait la preuve que, dans ce monde du XXIe si\u00e8cle, les juifs sont encore soumis \u00e0 des horreurs \u2013 qui ne se justifient &hellip; <a href=\"https:\/\/www.cirdic.fr\/index.php\/2016\/10\/01\/24-jours-sur-laffaire-ilan-halimi\/\" class=\"more-link\">Continuer la lecture<span class=\"screen-reader-text\"> de &laquo;&nbsp;\u00ab\u00a024 jours. La v\u00e9rit\u00e9 sur l&rsquo;affaire Ilan Halimi\u00a0\u00bb&nbsp;&raquo;<\/span><\/a><\/p>\n","protected":false},"author":1,"featured_media":0,"comment_status":"closed","ping_status":"closed","sticky":false,"template":"","format":"standard","meta":{"_jetpack_memberships_contains_paid_content":false,"footnotes":""},"categories":[5],"tags":[],"class_list":["post-442","post","type-post","status-publish","format-standard","hentry","category-film"],"jetpack_featured_media_url":"","jetpack_sharing_enabled":true,"_links":{"self":[{"href":"https:\/\/www.cirdic.fr\/index.php\/wp-json\/wp\/v2\/posts\/442","targetHints":{"allow":["GET"]}}],"collection":[{"href":"https:\/\/www.cirdic.fr\/index.php\/wp-json\/wp\/v2\/posts"}],"about":[{"href":"https:\/\/www.cirdic.fr\/index.php\/wp-json\/wp\/v2\/types\/post"}],"author":[{"embeddable":true,"href":"https:\/\/www.cirdic.fr\/index.php\/wp-json\/wp\/v2\/users\/1"}],"replies":[{"embeddable":true,"href":"https:\/\/www.cirdic.fr\/index.php\/wp-json\/wp\/v2\/comments?post=442"}],"version-history":[{"count":1,"href":"https:\/\/www.cirdic.fr\/index.php\/wp-json\/wp\/v2\/posts\/442\/revisions"}],"predecessor-version":[{"id":4239,"href":"https:\/\/www.cirdic.fr\/index.php\/wp-json\/wp\/v2\/posts\/442\/revisions\/4239"}],"wp:attachment":[{"href":"https:\/\/www.cirdic.fr\/index.php\/wp-json\/wp\/v2\/media?parent=442"}],"wp:term":[{"taxonomy":"category","embeddable":true,"href":"https:\/\/www.cirdic.fr\/index.php\/wp-json\/wp\/v2\/categories?post=442"},{"taxonomy":"post_tag","embeddable":true,"href":"https:\/\/www.cirdic.fr\/index.php\/wp-json\/wp\/v2\/tags?post=442"}],"curies":[{"name":"wp","href":"https:\/\/api.w.org\/{rel}","templated":true}]}}