{"id":4360,"date":"2024-01-18T20:37:25","date_gmt":"2024-01-18T19:37:25","guid":{"rendered":"https:\/\/www.cirdic.fr\/?p=4360"},"modified":"2024-01-18T20:38:03","modified_gmt":"2024-01-18T19:38:03","slug":"semaine-de-priere-pour-lunite-des-chretiens","status":"publish","type":"post","link":"https:\/\/www.cirdic.fr\/index.php\/2024\/01\/18\/semaine-de-priere-pour-lunite-des-chretiens\/","title":{"rendered":"Semaine de pri\u00e8re pour l\u2019Unit\u00e9 des chr\u00e9tiens"},"content":{"rendered":"\n<h2 class=\"wp-block-heading\">Plac\u00e9 au c\u0153ur de la semaine de pri\u00e8re pour l\u2019Unit\u00e9 des chr\u00e9tiens, le Dimanche de la Parole de Dieu, institu\u00e9 par le Pape Fran\u00e7ois, rappelle la dimension \u0153cum\u00e9nique de la Parole de Dieu et souligne le lien profond entre les deux Testaments.<\/h2>\n\n\n\n<p><strong>Pour accompagner notre r\u00e9flexion sur la Parole,\u00a0\u00a0<br>le Grand Rabbin Gilles Bernheim et le fr\u00e8re Louis-Marie, prieur d\u2019Abu Gosh, ont accept\u00e9 de commenter de J\u00e9rusalem\u00a0les textes du 1<sup>er<\/sup>\u00a0et du 2\u00e8me Testament du Dimanche 21 janvier 2024 :\u00a0<br>Jonas\u00a03,1-5.10\u00a0et Marc\u00a01, 14-20.<\/strong><\/p>\n\n\n\n<p><strong>\u00a0<a href=\"https:\/\/relationsjudaisme.catholique.fr\/\">https:\/\/relationsjudaisme.catholique.fr\/<\/a><br><\/strong><\/p>\n","protected":false},"excerpt":{"rendered":"<p>Plac\u00e9 au c\u0153ur de la semaine de pri\u00e8re pour l\u2019Unit\u00e9 des chr\u00e9tiens, le Dimanche de la Parole de Dieu, institu\u00e9 par le Pape Fran\u00e7ois, rappelle la dimension \u0153cum\u00e9nique de la Parole de Dieu et souligne le lien profond entre les deux Testaments. Pour accompagner notre r\u00e9flexion sur la Parole,\u00a0\u00a0le Grand Rabbin Gilles Bernheim et le &hellip; <a href=\"https:\/\/www.cirdic.fr\/index.php\/2024\/01\/18\/semaine-de-priere-pour-lunite-des-chretiens\/\" class=\"more-link\">Continuer la lecture<span class=\"screen-reader-text\"> de &laquo;&nbsp;Semaine de pri\u00e8re pour l\u2019Unit\u00e9 des chr\u00e9tiens&nbsp;&raquo;<\/span><\/a><\/p>\n","protected":false},"author":1,"featured_media":0,"comment_status":"closed","ping_status":"","sticky":false,"template":"","format":"standard","meta":{"_jetpack_memberships_contains_paid_content":false,"footnotes":""},"categories":[1],"tags":[],"class_list":["post-4360","post","type-post","status-publish","format-standard","hentry","category-non-classe"],"jetpack_featured_media_url":"","jetpack_sharing_enabled":true,"_links":{"self":[{"href":"https:\/\/www.cirdic.fr\/index.php\/wp-json\/wp\/v2\/posts\/4360","targetHints":{"allow":["GET"]}}],"collection":[{"href":"https:\/\/www.cirdic.fr\/index.php\/wp-json\/wp\/v2\/posts"}],"about":[{"href":"https:\/\/www.cirdic.fr\/index.php\/wp-json\/wp\/v2\/types\/post"}],"author":[{"embeddable":true,"href":"https:\/\/www.cirdic.fr\/index.php\/wp-json\/wp\/v2\/users\/1"}],"replies":[{"embeddable":true,"href":"https:\/\/www.cirdic.fr\/index.php\/wp-json\/wp\/v2\/comments?post=4360"}],"version-history":[{"count":2,"href":"https:\/\/www.cirdic.fr\/index.php\/wp-json\/wp\/v2\/posts\/4360\/revisions"}],"predecessor-version":[{"id":4362,"href":"https:\/\/www.cirdic.fr\/index.php\/wp-json\/wp\/v2\/posts\/4360\/revisions\/4362"}],"wp:attachment":[{"href":"https:\/\/www.cirdic.fr\/index.php\/wp-json\/wp\/v2\/media?parent=4360"}],"wp:term":[{"taxonomy":"category","embeddable":true,"href":"https:\/\/www.cirdic.fr\/index.php\/wp-json\/wp\/v2\/categories?post=4360"},{"taxonomy":"post_tag","embeddable":true,"href":"https:\/\/www.cirdic.fr\/index.php\/wp-json\/wp\/v2\/tags?post=4360"}],"curies":[{"name":"wp","href":"https:\/\/api.w.org\/{rel}","templated":true}]}}