{"id":4347,"date":"2023-12-30T09:15:58","date_gmt":"2023-12-30T08:15:58","guid":{"rendered":"https:\/\/www.cirdic.fr\/?p=4347"},"modified":"2023-12-30T09:20:01","modified_gmt":"2023-12-30T08:20:01","slug":"nos-freres-aines","status":"publish","type":"post","link":"https:\/\/www.cirdic.fr\/index.php\/2023\/12\/30\/nos-freres-aines\/","title":{"rendered":"NOS FR\u00c8RES A\u00ceN\u00c9S\u00a0"},"content":{"rendered":"\n<h1 class=\"wp-block-heading\"><\/h1>\n\n\n\n<p>Emission radio pr\u00e9sent\u00e9e par&nbsp;No\u00e9mie Marijon<\/p>\n\n\n\n<p>Cette \u00e9mission, r\u00e9alis\u00e9e sous forme d\u2019entretiens, a pour objectif la d\u00e9couverte des racines juives du christianisme. La culture et les r\u00e9f\u00e9rences chr\u00e9tiennes \u00e9tant de&nbsp;moins en moins connues, il est important d\u2019en rappeler les racines et donc le sens. Et c\u2019est dans la tradition juive qu\u2019il faut chercher cet enracinement, tant dans le&nbsp;domaine de la pri\u00e8re que de l\u2019\u00e9thique ou des textes \u00e9vang\u00e9liques.<\/p>\n\n\n\n<p><a href=\"https:\/\/www.rcf.fr\/vie-spirituelle\/nos-freres-aines?episode=401231\">NOS FR\u00c8RES A\u00ceN\u00c9S<\/a>&nbsp;<\/p>\n\n\n\n<figure class=\"wp-block-gallery has-nested-images columns-default is-cropped wp-block-gallery-1 is-layout-flex wp-block-gallery-is-layout-flex\">\n<figure class=\"wp-block-image size-full\"><img loading=\"lazy\" decoding=\"async\" width=\"624\" height=\"308\" data-id=\"4351\" src=\"https:\/\/www.cirdic.fr\/wp-content\/uploads\/2023\/12\/Capture-decran-2023-12-30-a-09.18.40.png\" alt=\"\" class=\"wp-image-4351\" srcset=\"https:\/\/www.cirdic.fr\/wp-content\/uploads\/2023\/12\/Capture-decran-2023-12-30-a-09.18.40.png 624w, https:\/\/www.cirdic.fr\/wp-content\/uploads\/2023\/12\/Capture-decran-2023-12-30-a-09.18.40-300x148.png 300w\" sizes=\"auto, (max-width: 709px) 85vw, (max-width: 909px) 67vw, (max-width: 984px) 61vw, (max-width: 1362px) 45vw, 600px\" \/><\/figure>\n<\/figure>\n","protected":false},"excerpt":{"rendered":"<p>Emission radio pr\u00e9sent\u00e9e par&nbsp;No\u00e9mie Marijon Cette \u00e9mission, r\u00e9alis\u00e9e sous forme d\u2019entretiens, a pour objectif la d\u00e9couverte des racines juives du christianisme. La culture et les r\u00e9f\u00e9rences chr\u00e9tiennes \u00e9tant de&nbsp;moins en moins connues, il est important d\u2019en rappeler les racines et donc le sens. Et c\u2019est dans la tradition juive qu\u2019il faut chercher cet enracinement, tant &hellip; <a href=\"https:\/\/www.cirdic.fr\/index.php\/2023\/12\/30\/nos-freres-aines\/\" class=\"more-link\">Continuer la lecture<span class=\"screen-reader-text\"> de &laquo;&nbsp;NOS FR\u00c8RES A\u00ceN\u00c9S\u00a0&nbsp;&raquo;<\/span><\/a><\/p>\n","protected":false},"author":1,"featured_media":0,"comment_status":"closed","ping_status":"","sticky":false,"template":"","format":"standard","meta":{"_jetpack_memberships_contains_paid_content":false,"footnotes":""},"categories":[9],"tags":[],"class_list":["post-4347","post","type-post","status-publish","format-standard","hentry","category-judaisme"],"jetpack_featured_media_url":"","jetpack_sharing_enabled":true,"_links":{"self":[{"href":"https:\/\/www.cirdic.fr\/index.php\/wp-json\/wp\/v2\/posts\/4347","targetHints":{"allow":["GET"]}}],"collection":[{"href":"https:\/\/www.cirdic.fr\/index.php\/wp-json\/wp\/v2\/posts"}],"about":[{"href":"https:\/\/www.cirdic.fr\/index.php\/wp-json\/wp\/v2\/types\/post"}],"author":[{"embeddable":true,"href":"https:\/\/www.cirdic.fr\/index.php\/wp-json\/wp\/v2\/users\/1"}],"replies":[{"embeddable":true,"href":"https:\/\/www.cirdic.fr\/index.php\/wp-json\/wp\/v2\/comments?post=4347"}],"version-history":[{"count":4,"href":"https:\/\/www.cirdic.fr\/index.php\/wp-json\/wp\/v2\/posts\/4347\/revisions"}],"predecessor-version":[{"id":4353,"href":"https:\/\/www.cirdic.fr\/index.php\/wp-json\/wp\/v2\/posts\/4347\/revisions\/4353"}],"wp:attachment":[{"href":"https:\/\/www.cirdic.fr\/index.php\/wp-json\/wp\/v2\/media?parent=4347"}],"wp:term":[{"taxonomy":"category","embeddable":true,"href":"https:\/\/www.cirdic.fr\/index.php\/wp-json\/wp\/v2\/categories?post=4347"},{"taxonomy":"post_tag","embeddable":true,"href":"https:\/\/www.cirdic.fr\/index.php\/wp-json\/wp\/v2\/tags?post=4347"}],"curies":[{"name":"wp","href":"https:\/\/api.w.org\/{rel}","templated":true}]}}