{"id":4315,"date":"2023-10-26T07:51:45","date_gmt":"2023-10-26T05:51:45","guid":{"rendered":"https:\/\/www.cirdic.fr\/?p=4315"},"modified":"2023-10-26T07:51:45","modified_gmt":"2023-10-26T05:51:45","slug":"message-frere-louis-marie-coudray","status":"publish","type":"post","link":"https:\/\/www.cirdic.fr\/index.php\/2023\/10\/26\/message-frere-louis-marie-coudray\/","title":{"rendered":"Message Fr\u00e8re Louis-Marie Coudray"},"content":{"rendered":"\n<p>Depuis deux semaines, la face du monde a chang\u00e9. On avait d\u00e9j\u00e0 dit cela apr\u00e8s le 11 septembre, apr\u00e8s le Bataclan, apr\u00e8s le retour de guerres conventionnelles sur le sol europ\u00e9en &#8230; mais depuis ce 7 octobre, c\u2019est le retour de l\u2019expression violente et syst\u00e9matique, r\u00e9fl\u00e9chie et programm\u00e9e contre des Juifs, parce qu\u2019ils sont Juifs. Reviviscence de ce qui semblait impossible apr\u00e8s le drame de la Shoa. La barri\u00e8re \u00e9tablie dans les consciences a saut\u00e9, mais hors de l\u2019Europe des pogroms et de la Shoa. La logique en est la m\u00eame, le processus identique, le fondement semblable. M\u00eame s\u2018ils se parent de la vertu d\u2019un \u00ab combat lib\u00e9rateur \u00bb, les actes de barbarie commis ne sont aucunement de l\u2019ordre de la r\u00e9sistance. Les images sont d\u2019autant plus choquantes qu\u2019elles r\u00e9v\u00e8lent une forme de d\u00e9shumanisation totale, inimaginable.<\/p>\n\n\n\n<p>Depuis de longues ann\u00e9es, il apparaissait que la bande de Gaza \u00e9tait une bombe \u00e0 retardement qui exploserait un jour, comme une cocotte- minute sans soupape. Mais ce constat ne peut en rien justifier une telle barbarie.<\/p>\n\n\n\n<p>Nous sommes, non dans un drame, mais dans une trag\u00e9die. Trag\u00e9die parce que l\u2019encha\u00eenement de violences qui se d\u00e9roulent sous nos yeux semble in\u00e9luctable et loin d\u2019assurer une issue juste et durable pour tous, malgr\u00e9 le tr\u00e8s lourd prix que cette guerre va engendrer pour les populations. Beaucoup de ceux qui croyaient en une cohabitation, n\u2019y croient plus ; la grande majorit\u00e9 des victimes de ces tueries portaient cet id\u00e9al.<\/p>\n\n\n\n<p>Il est de notre devoir d\u2019\u00eatre aux c\u00f4t\u00e9s de nos fr\u00e8res Juifs, ce message veut en \u00eatre le simple t\u00e9moignage. C\u2019est l\u2019\u00e9ternelle question, apr\u00e8s des ann\u00e9es de rapprochement entre Chr\u00e9tiens et Juifs, au moment de l\u2019\u00e9preuve, saurons-nous en montrer l\u2019authenticit\u00e9 ? La sid\u00e9ration ne doit pas fermer notre conscience aux exigences de la condition humaine dans la n\u00e9cessit\u00e9 de se d\u00e9fendre. Solidarit\u00e9 \u00e0 assumer, j\u2019ose \u00e0 peine parler de compassion, tellement les familles et les amis sont inconsolables.<\/p>\n\n\n\n<p>Comment rester humain face \u00e0 l\u2019inhumain ? Dans le flot des informations, des manipulations, des drames de nos proches et de nos amis, d\u2019une charge \u00e9motive difficilement g\u00e9rable, il faut r\u00e9ussir \u00e0 garder le cap de l\u2019humanit\u00e9. Sinon, c\u2019est une double victoire des auteurs du mal. Le Cardinal Lustiger disait au sujet de la Shoa : \u00ab&nbsp;<em>c\u2019est le myst\u00e8re du Mal, le myst\u00e8re d\u2019iniquit\u00e9 .\u00bb<\/em><\/p>\n\n\n\n<p>Dans ce combat, nous sommes \u00e0 vos c\u00f4t\u00e9s !<\/p>\n\n\n\n<p>\u00ab&nbsp;<em>Notre secours est dans le Nom du Seigneur, qui a fait le ciel et la terre !&nbsp;<\/em>\u00bb&nbsp;\u05b6\u05ad\u05e2\u05b0\u05d6\u05b4\u05e8\u05d9 \u05b5\u05de\u05b4\u05a3\u05e2\u05dd \u05b0\u05d9\u05d4\u05b8\u0591\u05d5\u05d4 \u05b9\u059c\u05e2\u05b5\u0597\u05e9\u05c2\u05d4 \u05b8\u05e9\u05b7\u05c1\u05a5\u05de\u05b4\u05d9\u05dd \u05b8\u05d5\u05b8\u05bd\u05d0\u05b6\u05e8\u05e5\u05c3<\/p>\n\n\n\n<p>Ps. 121:2<\/p>\n\n\n\n<p>Monast\u00e8re d\u2019Abu-Gosh, le 20 octobre 2023,<\/p>\n\n\n\n<p><strong>Fr\u00e8re Louis-Marie<\/strong><\/p>\n\n\n\n<p>Directeur honoraire du CIRDIC<\/p>\n","protected":false},"excerpt":{"rendered":"<p>Depuis deux semaines, la face du monde a chang\u00e9. On avait d\u00e9j\u00e0 dit cela apr\u00e8s le 11 septembre, apr\u00e8s le Bataclan, apr\u00e8s le retour de guerres conventionnelles sur le sol europ\u00e9en &#8230; mais depuis ce 7 octobre, c\u2019est le retour de l\u2019expression violente et syst\u00e9matique, r\u00e9fl\u00e9chie et programm\u00e9e contre des Juifs, parce qu\u2019ils sont Juifs. &hellip; <a href=\"https:\/\/www.cirdic.fr\/index.php\/2023\/10\/26\/message-frere-louis-marie-coudray\/\" class=\"more-link\">Continuer la lecture<span class=\"screen-reader-text\"> de &laquo;&nbsp;Message Fr\u00e8re Louis-Marie Coudray&nbsp;&raquo;<\/span><\/a><\/p>\n","protected":false},"author":1,"featured_media":0,"comment_status":"closed","ping_status":"","sticky":false,"template":"","format":"standard","meta":{"_jetpack_memberships_contains_paid_content":false,"footnotes":""},"categories":[25],"tags":[],"class_list":["post-4315","post","type-post","status-publish","format-standard","hentry","category-antisemitisme"],"jetpack_featured_media_url":"","jetpack_sharing_enabled":true,"_links":{"self":[{"href":"https:\/\/www.cirdic.fr\/index.php\/wp-json\/wp\/v2\/posts\/4315","targetHints":{"allow":["GET"]}}],"collection":[{"href":"https:\/\/www.cirdic.fr\/index.php\/wp-json\/wp\/v2\/posts"}],"about":[{"href":"https:\/\/www.cirdic.fr\/index.php\/wp-json\/wp\/v2\/types\/post"}],"author":[{"embeddable":true,"href":"https:\/\/www.cirdic.fr\/index.php\/wp-json\/wp\/v2\/users\/1"}],"replies":[{"embeddable":true,"href":"https:\/\/www.cirdic.fr\/index.php\/wp-json\/wp\/v2\/comments?post=4315"}],"version-history":[{"count":1,"href":"https:\/\/www.cirdic.fr\/index.php\/wp-json\/wp\/v2\/posts\/4315\/revisions"}],"predecessor-version":[{"id":4316,"href":"https:\/\/www.cirdic.fr\/index.php\/wp-json\/wp\/v2\/posts\/4315\/revisions\/4316"}],"wp:attachment":[{"href":"https:\/\/www.cirdic.fr\/index.php\/wp-json\/wp\/v2\/media?parent=4315"}],"wp:term":[{"taxonomy":"category","embeddable":true,"href":"https:\/\/www.cirdic.fr\/index.php\/wp-json\/wp\/v2\/categories?post=4315"},{"taxonomy":"post_tag","embeddable":true,"href":"https:\/\/www.cirdic.fr\/index.php\/wp-json\/wp\/v2\/tags?post=4315"}],"curies":[{"name":"wp","href":"https:\/\/api.w.org\/{rel}","templated":true}]}}