{"id":425,"date":"2016-11-17T19:50:18","date_gmt":"2016-11-17T18:50:18","guid":{"rendered":"http:\/\/www.cirdic.fr\/?p=425"},"modified":"2016-11-17T19:50:18","modified_gmt":"2016-11-17T18:50:18","slug":"les-yezidis-sont-a-daech-ce-que-les-juifs-et-les-tsiganes-etaient-aux-nazis","status":"publish","type":"post","link":"https:\/\/www.cirdic.fr\/index.php\/2016\/11\/17\/les-yezidis-sont-a-daech-ce-que-les-juifs-et-les-tsiganes-etaient-aux-nazis\/","title":{"rendered":"P\u00e8re Desbois : La Fabrique des terroristes &#8211; Dans les secrets de Daech."},"content":{"rendered":"<p style=\"text-align: justify;\">\u00ab\u00a0Les y\u00e9zidis sont \u00e0 Daech ce que les juifs et les Tsiganes \u00e9taient aux nazis\u00a0\u00bb<\/p>\n<p><img loading=\"lazy\" decoding=\"async\" class=\"alignleft wp-image-1296 \" src=\"https:\/\/www.cirdic.fr\/wp-content\/uploads\/2016\/11\/3403-pere-patrick-desbois_5685149_express_franck-ferville_1250-1-300x289.jpg\" width=\"249\" height=\"240\" srcset=\"https:\/\/www.cirdic.fr\/wp-content\/uploads\/2016\/11\/3403-pere-patrick-desbois_5685149_express_franck-ferville_1250-1-300x289.jpg 300w, https:\/\/www.cirdic.fr\/wp-content\/uploads\/2016\/11\/3403-pere-patrick-desbois_5685149_express_franck-ferville_1250-1.jpg 484w\" sizes=\"auto, (max-width: 249px) 85vw, 249px\" \/><\/p>\n<p class=\"title\" style=\"text-align: justify;\">A l&rsquo;occasion de la sortie du livre du p\u00e8re Patrick Desbois et de Costel Nastasie : <em>La Fabrique des terroristes. Dans les secrets de Daech<\/em>\u00a0(Fayard), long entretien dans l&rsquo;Express entre le P\u00e8re Desbois et la journaliste Anne Vidalie.<br \/>\n30\/09\/2015.<\/p>\n<p><a href=\"http:\/\/www.lexpress.fr\/actualite\/monde\/proche-moyen-orient\/les-yezidis-sont-a-daech-ce-que-les-juifs-et-les-tsiganes-etaient-aux-nazis_1832295.html\" target=\"_blank\" rel=\"noopener\">Lire l&rsquo;article sur le site de l&rsquo;Express<\/a><strong><br \/>\n<\/strong><\/p>\n","protected":false},"excerpt":{"rendered":"<p>\u00ab\u00a0Les y\u00e9zidis sont \u00e0 Daech ce que les juifs et les Tsiganes \u00e9taient aux nazis\u00a0\u00bb A l&rsquo;occasion de la sortie du livre du p\u00e8re Patrick Desbois et de Costel Nastasie : La Fabrique des terroristes. Dans les secrets de Daech\u00a0(Fayard), long entretien dans l&rsquo;Express entre le P\u00e8re Desbois et la journaliste Anne Vidalie. 30\/09\/2015. Lire &hellip; <a href=\"https:\/\/www.cirdic.fr\/index.php\/2016\/11\/17\/les-yezidis-sont-a-daech-ce-que-les-juifs-et-les-tsiganes-etaient-aux-nazis\/\" class=\"more-link\">Continuer la lecture<span class=\"screen-reader-text\"> de &laquo;&nbsp;P\u00e8re Desbois : La Fabrique des terroristes &#8211; Dans les secrets de Daech.&nbsp;&raquo;<\/span><\/a><\/p>\n","protected":false},"author":1,"featured_media":0,"comment_status":"closed","ping_status":"closed","sticky":false,"template":"","format":"standard","meta":{"_jetpack_memberships_contains_paid_content":false,"footnotes":""},"categories":[15],"tags":[6],"class_list":["post-425","post","type-post","status-publish","format-standard","hentry","category-histoire","tag-article-de-presse"],"jetpack_featured_media_url":"","jetpack_sharing_enabled":true,"_links":{"self":[{"href":"https:\/\/www.cirdic.fr\/index.php\/wp-json\/wp\/v2\/posts\/425","targetHints":{"allow":["GET"]}}],"collection":[{"href":"https:\/\/www.cirdic.fr\/index.php\/wp-json\/wp\/v2\/posts"}],"about":[{"href":"https:\/\/www.cirdic.fr\/index.php\/wp-json\/wp\/v2\/types\/post"}],"author":[{"embeddable":true,"href":"https:\/\/www.cirdic.fr\/index.php\/wp-json\/wp\/v2\/users\/1"}],"replies":[{"embeddable":true,"href":"https:\/\/www.cirdic.fr\/index.php\/wp-json\/wp\/v2\/comments?post=425"}],"version-history":[{"count":0,"href":"https:\/\/www.cirdic.fr\/index.php\/wp-json\/wp\/v2\/posts\/425\/revisions"}],"wp:attachment":[{"href":"https:\/\/www.cirdic.fr\/index.php\/wp-json\/wp\/v2\/media?parent=425"}],"wp:term":[{"taxonomy":"category","embeddable":true,"href":"https:\/\/www.cirdic.fr\/index.php\/wp-json\/wp\/v2\/categories?post=425"},{"taxonomy":"post_tag","embeddable":true,"href":"https:\/\/www.cirdic.fr\/index.php\/wp-json\/wp\/v2\/tags?post=425"}],"curies":[{"name":"wp","href":"https:\/\/api.w.org\/{rel}","templated":true}]}}