{"id":4241,"date":"2023-06-15T11:54:47","date_gmt":"2023-06-15T09:54:47","guid":{"rendered":"http:\/\/localhost:8001\/?p=4241"},"modified":"2023-07-20T20:18:37","modified_gmt":"2023-07-20T18:18:37","slug":"ag-2023","status":"publish","type":"post","link":"https:\/\/www.cirdic.fr\/index.php\/2023\/06\/15\/ag-2023\/","title":{"rendered":"AG 2023"},"content":{"rendered":"<p><strong><img loading=\"lazy\" decoding=\"async\" class=\"alignleft wp-image-3663 size-thumbnail\" src=\"https:\/\/www.cirdic.fr\/wp-content\/uploads\/2020\/11\/logo-CIRDIC-carre-fond-clair-couleur-150x150.jpg\" alt=\"\" width=\"150\" height=\"150\" srcset=\"https:\/\/www.cirdic.fr\/wp-content\/uploads\/2020\/11\/logo-CIRDIC-carre-fond-clair-couleur-150x150.jpg 150w, https:\/\/www.cirdic.fr\/wp-content\/uploads\/2020\/11\/logo-CIRDIC-carre-fond-clair-couleur.jpg 245w\" sizes=\"auto, (max-width: 150px) 85vw, 150px\" \/>Dimanche 18 juin \u00e0 16 heures (accueil d\u00e8s 15h30)<\/strong><br \/>\nChez les Religieux de Notre Dame de Sion<br \/>\n68 bis rue Notre Dame des Champs &#8211; Paris 6 \u00e8me<br \/>\nEt \u00e9galement sur zoom.<br \/>\nL&rsquo;AG sera suivie <strong>\u00e0 17 h00<\/strong> d&rsquo;une conf\u00e9rence du rabbin Pauline BEBE, de la communaut\u00e9 juive lib\u00e9rale Maayan sur le th\u00e8me :<br \/>\n<em>\u00ab L\u2019\u00eatre humain ne se nourrit pas seulement de pain mais de toute parole qui sort de la bouche de Dieu\u00a0\u00bb<\/em>. Dt. 8,3.<br \/>\nInscription obligatoire : <a href=\"mailto:contacts@cirdic.fr\">contacts@cirdic.fr<\/a><br \/>\n<!--more--><strong>Ordre du jour<\/strong> :<br \/>\n1. D\u00e9signation d\u2019un pr\u00e9sident et d\u2019un secr\u00e9taire de s\u00e9ance<br \/>\n2. Pr\u00e9sentation du rapport d\u2019activit\u00e9 par le conseil d\u2019administration<br \/>\n3. Pr\u00e9sentation des projets\u00a0: biblioth\u00e8que, week-end Avon 2024<br \/>\n4. Pr\u00e9sentation des comptes par le tr\u00e9sorier (les documents vous seront adress\u00e9s ult\u00e9rieurement)<br \/>\n5. Changement de pr\u00e9sident<br \/>\n6. Changement de si\u00e8ge social (transfert 68bis rue ND des Champs)<br \/>\n7. \u00c9changes avec les adh\u00e9rents<br \/>\nLes points 2, 3, 4, 5 et 6 donneront lieu \u00e0 un vote.<\/p>\n","protected":false},"excerpt":{"rendered":"<p>Dimanche 18 juin \u00e0 16 heures (accueil d\u00e8s 15h30) Chez les Religieux de Notre Dame de Sion 68 bis rue Notre Dame des Champs &#8211; Paris 6 \u00e8me Et \u00e9galement sur zoom. L&rsquo;AG sera suivie \u00e0 17 h00 d&rsquo;une conf\u00e9rence du rabbin Pauline BEBE, de la communaut\u00e9 juive lib\u00e9rale Maayan sur le th\u00e8me : \u00ab &hellip; <a href=\"https:\/\/www.cirdic.fr\/index.php\/2023\/06\/15\/ag-2023\/\" class=\"more-link\">Continuer la lecture<span class=\"screen-reader-text\"> de &laquo;&nbsp;AG 2023&nbsp;&raquo;<\/span><\/a><\/p>\n","protected":false},"author":2,"featured_media":0,"comment_status":"closed","ping_status":"closed","sticky":false,"template":"","format":"standard","meta":{"_jetpack_memberships_contains_paid_content":false,"footnotes":""},"categories":[8],"tags":[],"class_list":["post-4241","post","type-post","status-publish","format-standard","hentry","category-vie-du-cirdic"],"jetpack_featured_media_url":"","jetpack_sharing_enabled":true,"_links":{"self":[{"href":"https:\/\/www.cirdic.fr\/index.php\/wp-json\/wp\/v2\/posts\/4241","targetHints":{"allow":["GET"]}}],"collection":[{"href":"https:\/\/www.cirdic.fr\/index.php\/wp-json\/wp\/v2\/posts"}],"about":[{"href":"https:\/\/www.cirdic.fr\/index.php\/wp-json\/wp\/v2\/types\/post"}],"author":[{"embeddable":true,"href":"https:\/\/www.cirdic.fr\/index.php\/wp-json\/wp\/v2\/users\/2"}],"replies":[{"embeddable":true,"href":"https:\/\/www.cirdic.fr\/index.php\/wp-json\/wp\/v2\/comments?post=4241"}],"version-history":[{"count":1,"href":"https:\/\/www.cirdic.fr\/index.php\/wp-json\/wp\/v2\/posts\/4241\/revisions"}],"predecessor-version":[{"id":4242,"href":"https:\/\/www.cirdic.fr\/index.php\/wp-json\/wp\/v2\/posts\/4241\/revisions\/4242"}],"wp:attachment":[{"href":"https:\/\/www.cirdic.fr\/index.php\/wp-json\/wp\/v2\/media?parent=4241"}],"wp:term":[{"taxonomy":"category","embeddable":true,"href":"https:\/\/www.cirdic.fr\/index.php\/wp-json\/wp\/v2\/categories?post=4241"},{"taxonomy":"post_tag","embeddable":true,"href":"https:\/\/www.cirdic.fr\/index.php\/wp-json\/wp\/v2\/tags?post=4241"}],"curies":[{"name":"wp","href":"https:\/\/api.w.org\/{rel}","templated":true}]}}