{"id":418,"date":"2016-10-01T19:37:01","date_gmt":"2016-10-01T17:37:01","guid":{"rendered":"http:\/\/www.cirdic.fr\/?p=418"},"modified":"2023-07-20T17:58:50","modified_gmt":"2023-07-20T15:58:50","slug":"inauguration-du-memorial-aron-lustiger-le-23-octobre-2013","status":"publish","type":"post","link":"https:\/\/www.cirdic.fr\/index.php\/2016\/10\/01\/inauguration-du-memorial-aron-lustiger-le-23-octobre-2013\/","title":{"rendered":"Inauguration du M\u00e9morial Aron Lustiger, le 23 octobre 2013"},"content":{"rendered":"<p style=\"text-align: justify;\">Le <strong>M\u00e9morial Aron Jean-Marie Lustiger<\/strong>, inaugur\u00e9 le 23 octobre dernier, est une initiative juive. Il est install\u00e9 au sein d\u2019un monast\u00e8re b\u00e9n\u00e9dictin, lui-m\u00eame situ\u00e9 dans un village arabe musulman en plein c\u0153ur d\u2019Isra\u00ebl. Une belle rencontre des trois religions monoth\u00e9istes autour de celui qui fut archev\u00eaque de Paris.\u00a0<!--more--><\/p>\n<div id=\"news2long\" class=\"news_content\">\n<p style=\"text-align: justify;\">Aron Jean-Marie Lustiger, n\u00e9 juif, devenu archev\u00eaque de Paris par la volont\u00e9 du pape Jean-Paul II, est l\u2019un des hommes qui, \u00e0 la t\u00eate de l\u2019Eglise, ont le plus contribu\u00e9 au rapprochement jud\u00e9o-chr\u00e9tien ces trente derni\u00e8res ann\u00e9es. C&rsquo;est pour cette raison, notamment, que le m\u00e9morial a \u00e9t\u00e9 cr\u00e9\u00e9 dans les jardins du monast\u00e8re de l\u2019abbaye b\u00e9n\u00e9dictine d\u2019Abu Gosh, pr\u00e8s de J\u00e9rusalem. Cette abbaye fait partie du domaine national fran\u00e7ais.<\/p>\n<p style=\"text-align: justify;\">\u00ab\u00a0Ce m\u00e9morial r\u00e9pond \u00e0 la volont\u00e9 des juifs d\u2019honorer le cardinal\u00a0\u00bb, souligne Richard Prasquier, pr\u00e9sident d\u2019honneur du CRIF, \u00e0 l\u2019origine de cette initiative.\u00a0Le m\u00e9morial a \u00e9t\u00e9 cr\u00e9\u00e9 par l\u2019un des plus grands cabinets isra\u00e9liens d\u2019architecture\u00a0: Efrat Kovalsky Architect, qui a vu dans ce projet un \u00ab\u00a0gage d\u2019espoir dans l\u2019avenir.\u00a0\u00bb\u00a0Cette initiative a re\u00e7u le soutien de l\u2019archev\u00each\u00e9 de Paris qui organise pour l\u2019occasion un voyage d\u2019une semaine r\u00e9unissant 150 personnes, impliqu\u00e9es dans le dialogue jud\u00e9o-chr\u00e9tien, en pr\u00e9sence du Cardinal Andr\u00e9 Vingt-Trois, archev\u00eaque de Paris depuis 2005.<\/p>\n<p style=\"text-align: justify;\">L\u2019inauguration du m\u00e9morial a \u00e9t\u00e9 le point d\u2019orgue de ce voyage, baptis\u00e9 \u00ab\u00a0Aux sources de la Promesse\u00a0\u00bb. Il a eu lieu en pr\u00e9sence de nombreuses personnalit\u00e9s religieuses et civiles dont Mgr Fouad Twal, Patriarche Latin de J\u00e9rusalem, du Cardinal Andr\u00e9 Vingt-Trois, le Grand Rabbin Ren\u00e9 Samuel Sirat ainsi que l\u2019ambassadeur de France en Isra\u00ebl et le Consul g\u00e9n\u00e9ral de France \u00e0 J\u00e9rusalem.\u00a0Soeur Dominique de La Maisonneuve, soeur Louise-Marie Niesz, ainsi que de nombreux amis du SIDIC, \u00e9taient pr\u00e9sents.<\/p>\n<p style=\"text-align: justify;\"><strong><em>Mes yeux devancent la nuit\u00a0pour m\u00e9diter sur ta promesse<\/em><\/strong>\u00a0(Ps 119, 148)<\/p>\n<p style=\"text-align: justify;\"><em>\u00ab\u00a0La Promesse<\/em>\u2026 \u00e9cho du dernier ouvrage d\u2019Aron Jean-Marie Lustiger\u2026<br \/>\n<em>La Promesse<\/em>\u2026 vision, n\u00e9cessairement brouill\u00e9e, de l\u2019abou-tissement du Projet de Dieu, toujours promis, comme la Terre\u2026<br \/>\nPromesse qui invite \u00e0 la recherche de la perle\u00a0de la r\u00e9conciliation.<br \/>\nPromesse du rassemblement des nations autour du peuple d\u2019Isra\u00ebl de qui elles ont re\u00e7u l\u2019eau de la\u00a0<em>Tora<\/em>, la source, en la personne de J\u00e9sus-Messie, n\u00e9 de ce peuple.<\/p>\n<p style=\"text-align: justify;\">L\u2019itin\u00e9raire du voyage permettait de tenir ensemble l\u2019Isra\u00ebl d\u2019<strong>hier<\/strong>\u00a0(plong\u00e9e dans le d\u00e9sert, Mus\u00e9e de la Diaspora,\u00a0<em>Yad Vashem<\/em>\u2026), l\u2019Isra\u00ebl d\u2019<strong>aujourd\u2019hui\u00a0<\/strong>dans sa vie intellectuelle, artistique et tout simplement ordinaire avec les rencontres de populations diverses et l\u2019Isra\u00ebl de\u00a0<strong>toujours<\/strong>par l\u2019entr\u00e9e en s<em>habbat\u00a0<\/em>au\u00a0<em>Kotel<\/em>, lieu de la\u00a0<em>Chekina<\/em>.<\/p>\n<p style=\"text-align: justify;\">Initiative juive en la personne de Richard Prasquier, Pr\u00e9sident d\u2019honneur du\u00a0<strong><em>Crif<\/em><\/strong>, le m\u00e9morial a \u00e9t\u00e9 r\u00e9alis\u00e9 par l\u2019un des plus grands cabinets isra\u00e9liens d\u2019architecture (Efrat Kovalsky Architect) qui a vu dans ce projet un \u00ab\u00a0gage d\u2019espoir dans l\u2019avenir\u00a0\u00bb. Situ\u00e9 dans un village arabe musulman, dans le domaine national fran\u00e7ais mis \u00e0 la disposition de la communaut\u00e9 b\u00e9n\u00e9dictine filiale du Bec Hellouin, que viennent visiter nombre d\u2019Isra\u00e9liens et notamment les jeunes militaires au cours de leur formation.<\/p>\n<p style=\"text-align: justify;\">Un m\u00e9morial sans statue\u2026 mais un lieu de pri\u00e8re pour qu\u2019advienne la Promesse,\u00a0un lieu o\u00f9 coule l\u2019eau : la source de l\u2019esp\u00e9rance&#8230;<\/p>\n<p style=\"text-align: justify;\">Inscrites en fran\u00e7ais, en h\u00e9breu et en arabe sur des plaques de c\u00e9ramique quelques id\u00e9es-force de J.M. Lustiger offertes \u00e0 la m\u00e9ditation\u00a0:<\/p>\n<p style=\"text-align: justify;\" align=\"center\"><strong><em>Le myst\u00e8re d\u2019Isra\u00ebl est indissolublement<br \/>\nle myst\u00e8re des chr\u00e9tiens<br \/>\n<\/em><em>Prier, c\u2019est donner prise \u00e0 Dieu<br \/>\net repousser la folie meurtri\u00e8re de la haine.\u00a0<\/em><\/strong><\/p>\n<p style=\"text-align: justify;\">Autour du Cardinal Andr\u00e9 Vingt-Trois et du Cardinal Ricard, de Mgr J. Beau et de Mgr Jordy, de nombreuses personnalit\u00e9s civiles et religieuses dont Mgr Fouad Twal, Patriarche latin de J\u00e9rusalem, le Rabbin David Rozen, l\u2019ambassadeur de France en Isra\u00ebl et le Consul g\u00e9n\u00e9ral de France \u00e0 J\u00e9rusalem mais aussi les repr\u00e9sentants des minist\u00e8res fran\u00e7ais et isra\u00e9lien des Affaires \u00e9trang\u00e8res et le maire arabe d\u2019Abugosh\u00a0!\u00a0\u00bb<\/p>\n<p style=\"text-align: justify;\"><strong>Soeur Dominique de La Maisonneuve.<\/strong><\/p>\n<\/div>\n<p>&nbsp;<\/p>\n","protected":false},"excerpt":{"rendered":"<p>Le M\u00e9morial Aron Jean-Marie Lustiger, inaugur\u00e9 le 23 octobre dernier, est une initiative juive. Il est install\u00e9 au sein d\u2019un monast\u00e8re b\u00e9n\u00e9dictin, lui-m\u00eame situ\u00e9 dans un village arabe musulman en plein c\u0153ur d\u2019Isra\u00ebl. Une belle rencontre des trois religions monoth\u00e9istes autour de celui qui fut archev\u00eaque de Paris.\u00a0<\/p>\n","protected":false},"author":1,"featured_media":0,"comment_status":"closed","ping_status":"closed","sticky":false,"template":"","format":"standard","meta":{"_jetpack_memberships_contains_paid_content":false,"footnotes":""},"categories":[7],"tags":[],"class_list":["post-418","post","type-post","status-publish","format-standard","hentry","category-egliseetjudaisme"],"jetpack_featured_media_url":"","jetpack_sharing_enabled":true,"_links":{"self":[{"href":"https:\/\/www.cirdic.fr\/index.php\/wp-json\/wp\/v2\/posts\/418","targetHints":{"allow":["GET"]}}],"collection":[{"href":"https:\/\/www.cirdic.fr\/index.php\/wp-json\/wp\/v2\/posts"}],"about":[{"href":"https:\/\/www.cirdic.fr\/index.php\/wp-json\/wp\/v2\/types\/post"}],"author":[{"embeddable":true,"href":"https:\/\/www.cirdic.fr\/index.php\/wp-json\/wp\/v2\/users\/1"}],"replies":[{"embeddable":true,"href":"https:\/\/www.cirdic.fr\/index.php\/wp-json\/wp\/v2\/comments?post=418"}],"version-history":[{"count":1,"href":"https:\/\/www.cirdic.fr\/index.php\/wp-json\/wp\/v2\/posts\/418\/revisions"}],"predecessor-version":[{"id":4237,"href":"https:\/\/www.cirdic.fr\/index.php\/wp-json\/wp\/v2\/posts\/418\/revisions\/4237"}],"wp:attachment":[{"href":"https:\/\/www.cirdic.fr\/index.php\/wp-json\/wp\/v2\/media?parent=418"}],"wp:term":[{"taxonomy":"category","embeddable":true,"href":"https:\/\/www.cirdic.fr\/index.php\/wp-json\/wp\/v2\/categories?post=418"},{"taxonomy":"post_tag","embeddable":true,"href":"https:\/\/www.cirdic.fr\/index.php\/wp-json\/wp\/v2\/tags?post=418"}],"curies":[{"name":"wp","href":"https:\/\/api.w.org\/{rel}","templated":true}]}}