{"id":411,"date":"2016-10-01T19:35:08","date_gmt":"2016-10-01T17:35:08","guid":{"rendered":"http:\/\/www.cirdic.fr\/?p=411"},"modified":"2016-10-01T19:35:08","modified_gmt":"2016-10-01T17:35:08","slug":"aron-lustiger","status":"publish","type":"post","link":"https:\/\/www.cirdic.fr\/index.php\/2016\/10\/01\/aron-lustiger\/","title":{"rendered":"Aron Lustiger. Plaque memento dans la cath\u00e9drale de Paris"},"content":{"rendered":"<div id=\"news10long\" class=\"news_content\">\n<div class=\"itemText\">\n<figure id=\"attachment_1302\" aria-describedby=\"caption-attachment-1302\" style=\"width: 170px\" class=\"wp-caption alignleft\"><img loading=\"lazy\" decoding=\"async\" class=\"wp-image-1302 size-full\" src=\"https:\/\/www.cirdic.fr\/wp-content\/uploads\/2016\/11\/JM_Lustiger_WEB_institutlustiger-1.jpg\" alt=\"\" width=\"170\" height=\"236\" \/><figcaption id=\"caption-attachment-1302\" class=\"wp-caption-text\">Aron Jean-Marie Lustiger<\/figcaption><\/figure>\n<\/div>\n<div class=\"itemText\" style=\"text-align: justify;\">\n<p>\u00ab\u00a0Je suis n\u00e9 juif. J\u2019ai re\u00e7u le nom\u00a0de mon grand-p\u00e8re paternel, Aron.<br \/>\nDevenu chr\u00e9tien par la foi et le bapt\u00eame, je suis demeur\u00e9 juif comme le demeuraient les Ap\u00f4tres.<br \/>\nJ\u2019ai pour saints patrons\u00a0Aron le Grand Pr\u00eatre,\u00a0saint Jean l\u2019Ap\u00f4tre,\u00a0sainte Marie pleine de gr\u00e2ce.<br \/>\nNomm\u00e9 139e archev\u00eaque de Paris par Sa Saintet\u00e9 le pape Jean-Paul II, j\u2019ai \u00e9t\u00e9 intronis\u00e9 dans cette cath\u00e9drale le 27 f\u00e9vrier 1981, puis j\u2019y ai exerc\u00e9 tout mon minist\u00e8re.\u00a0 Passants, priez pour moi.\u00a0\u00bb<br \/>\n+ Aron Jean-Marie cardinal Lustiger,\u00a0Archev\u00eaque de Paris.<\/p>\n<\/div>\n<p class=\"itemText\" style=\"text-align: justify;\">Plaque appos\u00e9e sur le pilier proche de la statue de Notre-Dame de Paris.<br \/>\nPour aller plus loin&#8230; D\u00e9couvrir le site de <a href=\"http:\/\/www.institutlustiger.fr\/1\/page\/8.html\" target=\"_blank\" rel=\"noopener\">l&rsquo;Institut Jean-Marie Lustiger.<\/a><\/p>\n<\/div>\n","protected":false},"excerpt":{"rendered":"<p>\u00ab\u00a0Je suis n\u00e9 juif. J\u2019ai re\u00e7u le nom\u00a0de mon grand-p\u00e8re paternel, Aron. Devenu chr\u00e9tien par la foi et le bapt\u00eame, je suis demeur\u00e9 juif comme le demeuraient les Ap\u00f4tres. J\u2019ai pour saints patrons\u00a0Aron le Grand Pr\u00eatre,\u00a0saint Jean l\u2019Ap\u00f4tre,\u00a0sainte Marie pleine de gr\u00e2ce. Nomm\u00e9 139e archev\u00eaque de Paris par Sa Saintet\u00e9 le pape Jean-Paul II, j\u2019ai &hellip; <a href=\"https:\/\/www.cirdic.fr\/index.php\/2016\/10\/01\/aron-lustiger\/\" class=\"more-link\">Continuer la lecture<span class=\"screen-reader-text\"> de &laquo;&nbsp;Aron Lustiger. Plaque memento dans la cath\u00e9drale de Paris&nbsp;&raquo;<\/span><\/a><\/p>\n","protected":false},"author":1,"featured_media":0,"comment_status":"closed","ping_status":"closed","sticky":false,"template":"","format":"standard","meta":{"_jetpack_memberships_contains_paid_content":false,"footnotes":""},"categories":[10],"tags":[],"class_list":["post-411","post","type-post","status-publish","format-standard","hentry","category-les-pionniers"],"jetpack_featured_media_url":"","jetpack_sharing_enabled":true,"_links":{"self":[{"href":"https:\/\/www.cirdic.fr\/index.php\/wp-json\/wp\/v2\/posts\/411","targetHints":{"allow":["GET"]}}],"collection":[{"href":"https:\/\/www.cirdic.fr\/index.php\/wp-json\/wp\/v2\/posts"}],"about":[{"href":"https:\/\/www.cirdic.fr\/index.php\/wp-json\/wp\/v2\/types\/post"}],"author":[{"embeddable":true,"href":"https:\/\/www.cirdic.fr\/index.php\/wp-json\/wp\/v2\/users\/1"}],"replies":[{"embeddable":true,"href":"https:\/\/www.cirdic.fr\/index.php\/wp-json\/wp\/v2\/comments?post=411"}],"version-history":[{"count":0,"href":"https:\/\/www.cirdic.fr\/index.php\/wp-json\/wp\/v2\/posts\/411\/revisions"}],"wp:attachment":[{"href":"https:\/\/www.cirdic.fr\/index.php\/wp-json\/wp\/v2\/media?parent=411"}],"wp:term":[{"taxonomy":"category","embeddable":true,"href":"https:\/\/www.cirdic.fr\/index.php\/wp-json\/wp\/v2\/categories?post=411"},{"taxonomy":"post_tag","embeddable":true,"href":"https:\/\/www.cirdic.fr\/index.php\/wp-json\/wp\/v2\/tags?post=411"}],"curies":[{"name":"wp","href":"https:\/\/api.w.org\/{rel}","templated":true}]}}