{"id":405,"date":"2018-04-19T19:33:06","date_gmt":"2018-04-19T17:33:06","guid":{"rendered":"http:\/\/www.cirdic.fr\/?p=405"},"modified":"2018-04-19T19:33:06","modified_gmt":"2018-04-19T17:33:06","slug":"bernard-dupuy","status":"publish","type":"post","link":"https:\/\/www.cirdic.fr\/index.php\/2018\/04\/19\/bernard-dupuy\/","title":{"rendered":"Bernard Dupuy"},"content":{"rendered":"<p style=\"text-align: justify;\"><img loading=\"lazy\" decoding=\"async\" class=\"alignleft wp-image-1309\" src=\"https:\/\/www.cirdic.fr\/wp-content\/uploads\/2016\/11\/Dupuy_Bernard-1.jpg\" alt=\"\" width=\"179\" height=\"239\" \/>Pour bien comprendre comment Bernard Dupuy a pu \u00eatre un pr\u00e9curseur tant en France qu\u2019\u00e0 l\u2019\u00e9tranger, il faut savoir quelle \u00e9tait la profondeur de son intuition, de sa r\u00e9flexion et de son discernement au plan spirituel, th\u00e9ologique ou historique \u0085et quelle \u00e9tait la qualit\u00e9 de sa connaissance de l\u2019h\u00e9breu. C\u2019est pourquoi l\u2019engagement de toute sa vie \u00e0 l\u2019\u00e9gard du peuple juif comme de l\u2019\u0153cum\u00e9nisme a \u00e9t\u00e9 si important et pr\u00e9cieux pour l\u2019\u00c9glise.\u00a0<!--more--><\/p>\n<ul style=\"text-align: justify;\">\n<li>1925 : 21 ao\u00fbt : naissance \u00e0 Paris<\/li>\n<li>1948 : entr\u00e9e chez les Dominicains apr\u00e8s l\u2019\u00c9cole polytechnique<\/li>\n<li>1955 : ordination sacerdotale.<\/li>\n<li>1957-1967 : enseignement \u00e0 la chaire de th\u00e9ologie du Saulchoir. Etudes sur l\u2019\u0153cum\u00e9nisme avec le P\u00e8re Congar.<\/li>\n<li>1962-1965 : expert au Concile Vatican II pour les questions \u0153cum\u00e9niques.<\/li>\n<li>1967 : Directeur du Centre et de la revue Istina (la \u00ab v\u00e9rit\u00e9 \u00bb en russe)\u00a0 cr\u00e9\u00e9e en 1925 par les Dominicains pour les relations avec le monde slave.<\/li>\n<li>1967-1973 : Professeur de th\u00e9ologie \u00e0 l\u2019Institut Catholique de Paris et participation \u00e0 de nombreuses commissions pour l\u2019Unit\u00e9 des chr\u00e9tiens et pour les rapports avec le juda\u00efsme.<\/li>\n<li>1969-1987 : Secr\u00e9taire du Comit\u00e9 \u00e9piscopal pour les relations avec le juda\u00efsme, r\u00e9cemment cr\u00e9\u00e9 par l\u2019Assembl\u00e9e des \u00e9v\u00eaques de France. BD noue de nombreuses amiti\u00e9s avec les juifs de France ainsi qu\u2019au sein de l\u2019ICCJ (International Council of Christians and Jews).<\/li>\n<li>1973 : Cheville ouvri\u00e8re de la r\u00e9daction du document \u00e9piscopal fran\u00e7ais pour une nouvelle \u00ab attitude \u00bb des chr\u00e9tiens \u00e0 l\u2019\u00e9gard du juda\u00efsme \u00ab qui fixe les grandes \u201cOrientations pastorales\u201d d\u2019un nouveau dialogue jud\u00e9o-chr\u00e9tien apr\u00e8s Nostra Aetate. Pour la premi\u00e8re fois est abord\u00e9e positivement la question du retour du peuple juif sur sa terre.<\/li>\n<li>1986 : Premi\u00e8re D\u00e9claration de Repentance, \u00e0 Auschwitz.<\/li>\n<li>1987 : Le P\u00e8re Jean Dujardin remplace le P\u00e8re Bernard Dupuy comme secr\u00e9taire du Comit\u00e9 \u00e9piscopal pour les Relations avec le Juda\u00efsme.<\/li>\n<li>1998 : &#8211; Prix de l\u2019Amiti\u00e9 Jud\u00e9o-chr\u00e9tienne de France partag\u00e9 avec le Grand Rabbin Ren\u00e9-Samuel Sirat.- Prix des Arts, des Lettres et des Sciences de la Fondation du juda\u00efsme fran\u00e7ais.<\/li>\n<li>2006 : Hospitalisation \u00e0 la Maison Marie-Th\u00e9r\u00e8se \u00e0 la suite d\u2019un accident c\u00e9r\u00e9bral.<\/li>\n<li>3 octobre 2014 : D\u00e9c\u00e8s \u00e0 la Maison Marie-Th\u00e9r\u00e8se avant le d\u00e9but de la f\u00eate de Kippour.<\/li>\n<\/ul>\n<h2 style=\"text-align: justify;\">Extraits de \u00ab\u00a0Quarante ans d&rsquo;\u00e9tudes sur Isra\u00ebl\u00a0\u00bb<\/h2>\n<p style=\"text-align: justify;\">paru en 2008 aux Ed. Parole et Silence :<\/p>\n<p style=\"text-align: justify;\"><strong>La Shoah et la Croix<\/strong><\/p>\n<p style=\"text-align: justify;\">\u00ab Les questions qui se l\u00e8vent d\u2019Auschwitz viennent rappeler aux chr\u00e9tiens que le sort fait aux juifs, en notre temps, les renvoie au c\u0153ur de leur foi. Ils ne peuvent plus parler de la passion et de la r\u00e9surrection du Christ sans songer aux juifs. \u00bb (p. 216)<\/p>\n<p style=\"text-align: justify;\">\u00ab La Shoah a renouvel\u00e9\u2026 le sens de l\u2019Alliance. Elle doit conduire les chr\u00e9tiens \u00e0 une compr\u00e9hension renouvel\u00e9e de la destin\u00e9e d\u2019Isra\u00ebl. La Shoah sert de r\u00e9v\u00e9lateur. Elle est un si grand d\u00e9fi \u00e0 l\u2019humanit\u00e9 que vouloir l\u2019effacer par l\u2019oubli, ne plus en parler, ne pas l\u2019enseigner, serait pr\u00e9parer son retour. \u00bb (p. 275)<\/p>\n<p style=\"text-align: justify;\">\u00ab La vraie vocation de l\u2019\u00c9glise dans le monde n\u2019est pas la chr\u00e9tient\u00e9 mais la mission aux Nations et la vraie vocation du peuple juif n\u2019est pas l\u2019existence en ghetto mais sa permanence au sein des Nations. Selon Irving Greenberg : De m\u00eame que les Juifs sont appel\u00e9s par les conditions du monde pr\u00e9sent \u00e0 r\u00e9interpr\u00e9ter leur Halakha dans une perspective proph\u00e9tique, de m\u00eame, les chr\u00e9tiens sont appel\u00e9s \u00e0 r\u00e9interpr\u00e9ter leurs doctrines en revenant au contexte proph\u00e9tique qui fut celui de leur origine. On ne saurait mieux d\u00e9finir les voies de notre commune esp\u00e9rance. \u00bb (p. 374)<\/p>\n<p><strong>Le nouveau regard de Vatican II<\/strong><\/p>\n<p style=\"text-align: justify;\">\u00ab Cette parole nouvelle reste pour certains dure \u00e0 entendre, mais elle d\u00e9montre que la pol\u00e9mique chr\u00e9tienne s\u00e9culaire fond\u00e9e sur le \u00ab supersessionisme \u00bb, sur la sup\u00e9riorit\u00e9 du christianisme sur le juda\u00efsme, n\u2019\u00e9tait pas d\u00e9cisive et donc n\u2019\u00e9tait pas absolue. Elle devait \u00eatre l\u2019objet de r\u00e9vision. Dieu n\u2019est la propri\u00e9t\u00e9 de personne. \u00bb (p. 275)<\/p>\n<p style=\"text-align: justify;\"><strong>Unit\u00e9 des \u00c9glises<\/strong><\/p>\n<p style=\"text-align: justify;\">\u00ab C\u2019est dans le retour aux vraies sources, que les \u00c9glises chr\u00e9tiennes d\u00e9sunies retrouvent soudain la possibilit\u00e9 de retrouver leur unit\u00e9. D\u2019un faux pluralisme, effet de leur division, elles sont appel\u00e9es \u00e0 passer \u00e0 un sain pluralisme, \u00e0 une \u00e9mulation r\u00e9ciproque sur le chemin d\u2019une unit\u00e9 dont aucune \u00e0 elle seule ne peut pr\u00e9tendre fournir le mod\u00e8le historique. L\u2019unit\u00e9 ne nous serait-elle pas rendue seulement dans le temps messianique, au moment de l\u2019unit\u00e9 retrouv\u00e9e avec Isra\u00ebl. \u00bb<\/p>\n<p style=\"text-align: justify;\">Il y a une voie voulue par Dieu, celle de l\u2019Alliance, qui doit conduire \u00e0 l\u2019av\u00e8nement messianique.<\/p>\n<p style=\"text-align: justify;\">\u00ab \u00c0 un certain moment de l\u2019histoire, pour nous avec la venue de J\u00e9sus-Christ, l\u2019attente messianique devient l\u2019objet d\u2019une crise, d\u2019une alternative, d\u2019un choix, d\u2019une nouvelle profondeur et d\u2019une nouvelle intensit\u00e9 dans l\u2019attente, de sorte qu\u2019il y a, pour nous chr\u00e9tiens, deux voies, la juive et la chr\u00e9tienne qui se font face et se r\u00e9pondent. Peut-\u00eatre cette division en \u201cdeux voies\u201d est-elle aux yeux de Dieu moins scandaleuse qu\u2019elle ne l\u2019est pour nous, lui qui consid\u00e8re comme son secret que, lorsque deux hommes marchent ensemble, ils sont d\u00e9j\u00e0 en voie de se rencontrer. Ils sont d\u00e9j\u00e0 sur \u201cl\u2019unique voie, celle de la rencontre\u201d \u00bb.<\/p>\n<h2 style=\"text-align: justify;\">Bibliographie :<\/h2>\n<ul>\n<li style=\"text-align: justify;\"><em>Quarante ans d\u2019\u00e9tudes sur Isra\u00ebl : pens\u00e9e juive et pens\u00e9e chr\u00e9tienne en dialogue<\/em>. Parole et Silence, 2008, 448 p.<\/li>\n<li style=\"text-align: justify;\"><em>L\u2019\u00c9toile de Jacob<\/em>. Bernard Dupuy, Josy Eisenberg, Editions du Cerf, 1989, 354 p.<\/li>\n<\/ul>\n<p style=\"text-align: justify;\"><span style=\"text-decoration: underline;\">En collaboration<\/span><br \/>\n(avant-propos, pr\u00e9faces, pr\u00e9sentations, contributions, traductions\u2026)<\/p>\n<ul>\n<li style=\"text-align: justify;\"><em>Mon Journal du Concile, tome I : 1960-1963 &#8211; tome II : 1964-1966. <\/em>Yves Congar, Editions du Cerf, 2002, 1312 p.<\/li>\n<li style=\"text-align: justify;\">Emmanuel L\u00e9vinas. <em>L\u2019\u00e9thique comme philosophie premi\u00e8re. <\/em>\u00c9ditions du Cerf, Coll. \u00ab La Nuit surveill\u00e9e \u00bb, 1993, 480 p.<\/li>\n<li style=\"text-align: justify;\"><em>Rashi 1040-1990. Hommage \u00e0 Ephra\u00efm E. Urbach. <\/em>\u00c9ditions du Cerf, Coll. \u00ab Patrimoines \u2013 Juda\u00efsme \u00bb, 1993, 846 p.<\/li>\n<li style=\"text-align: justify;\"><em>Interpr\u00e9ter. M\u00e9langes offerts \u00e0 Claude Geffr\u00e9<\/em>. \u00c9ditions du Cerf, Coll. \u00ab Cogitatio Fidei \u00bb, 1992, 328 p.<\/li>\n<li style=\"text-align: justify;\"><em>Penser apr\u00e8s Auschwitz. Affirmations juives et r\u00e9flexions philosophiques<\/em>. Emil Fackenheim, Editions du Cerf, Coll. \u00ab La Nuit surveill\u00e9e \u00bb, 1986, 176 p.<\/li>\n<li style=\"text-align: justify;\"><em>Le Service th\u00e9ologique dans l\u2019\u00c9glise. M\u00e9langes offerts au P\u00e8re Yves Congar pour ses soixante-dix ans.<\/em> \u00c9ditions du Cerf, Coll. \u00ab Cogitatio Fidei \u00bb, 1974, 384 p.<\/li>\n<li style=\"text-align: justify;\"><em>Les \u00c9glises devant le juda\u00efsme. Documents officiels 1948\u20111978<\/em>. \u00c9ditions du Cerf, Coll. \u00ab Documents des \u00c9glises &#8211; Public large \u00bb, 1980, 432 p.<\/li>\n<li style=\"text-align: justify;\"><em>Qu\u2019ils soient un. Lettre encyclique \u00ab Ut unum sint \u00bb<\/em>. Jean-Paul II, Editions du Cerf\/Flammarion, 1995, 110 p.<\/li>\n<li style=\"text-align: justify;\"><em>Temps et eschatologie. Donn\u00e9es bibliques et probl\u00e9matiques contemporaines.<\/em> Acad\u00e9mie internationale des sciences religieuses, Editions du Cerf, 1994, 384 p.<\/li>\n<li style=\"text-align: justify;\"><em>Initiation \u00e0 la pratique de la th\u00e9ologie, 2. Dogmatique 1<\/em>.\u00c9ditions du Cerf, 1982, 530 p.<\/li>\n<\/ul>\n<p style=\"text-align: justify;\">Le P. Dupuy a \u00e9galement publi\u00e9 de nombreux articles, seul ou en collaboration, dans la revue Istina.<\/p>\n","protected":false},"excerpt":{"rendered":"<p>Pour bien comprendre comment Bernard Dupuy a pu \u00eatre un pr\u00e9curseur tant en France qu\u2019\u00e0 l\u2019\u00e9tranger, il faut savoir quelle \u00e9tait la profondeur de son intuition, de sa r\u00e9flexion et de son discernement au plan spirituel, th\u00e9ologique ou historique \u0085et quelle \u00e9tait la qualit\u00e9 de sa connaissance de l\u2019h\u00e9breu. C\u2019est pourquoi l\u2019engagement de toute sa &hellip; <a href=\"https:\/\/www.cirdic.fr\/index.php\/2018\/04\/19\/bernard-dupuy\/\" class=\"more-link\">Continuer la lecture<span class=\"screen-reader-text\"> de &laquo;&nbsp;Bernard Dupuy&nbsp;&raquo;<\/span><\/a><\/p>\n","protected":false},"author":1,"featured_media":0,"comment_status":"closed","ping_status":"closed","sticky":false,"template":"","format":"standard","meta":{"_jetpack_memberships_contains_paid_content":false,"footnotes":""},"categories":[10],"tags":[],"class_list":["post-405","post","type-post","status-publish","format-standard","hentry","category-les-pionniers"],"jetpack_featured_media_url":"","jetpack_sharing_enabled":true,"_links":{"self":[{"href":"https:\/\/www.cirdic.fr\/index.php\/wp-json\/wp\/v2\/posts\/405","targetHints":{"allow":["GET"]}}],"collection":[{"href":"https:\/\/www.cirdic.fr\/index.php\/wp-json\/wp\/v2\/posts"}],"about":[{"href":"https:\/\/www.cirdic.fr\/index.php\/wp-json\/wp\/v2\/types\/post"}],"author":[{"embeddable":true,"href":"https:\/\/www.cirdic.fr\/index.php\/wp-json\/wp\/v2\/users\/1"}],"replies":[{"embeddable":true,"href":"https:\/\/www.cirdic.fr\/index.php\/wp-json\/wp\/v2\/comments?post=405"}],"version-history":[{"count":0,"href":"https:\/\/www.cirdic.fr\/index.php\/wp-json\/wp\/v2\/posts\/405\/revisions"}],"wp:attachment":[{"href":"https:\/\/www.cirdic.fr\/index.php\/wp-json\/wp\/v2\/media?parent=405"}],"wp:term":[{"taxonomy":"category","embeddable":true,"href":"https:\/\/www.cirdic.fr\/index.php\/wp-json\/wp\/v2\/categories?post=405"},{"taxonomy":"post_tag","embeddable":true,"href":"https:\/\/www.cirdic.fr\/index.php\/wp-json\/wp\/v2\/tags?post=405"}],"curies":[{"name":"wp","href":"https:\/\/api.w.org\/{rel}","templated":true}]}}