{"id":3935,"date":"2022-10-07T20:15:05","date_gmt":"2022-10-07T18:15:05","guid":{"rendered":"http:\/\/www.cirdic.fr\/?p=3935"},"modified":"2022-10-07T20:15:05","modified_gmt":"2022-10-07T18:15:05","slug":"voici-le-programme-du-centre-chretien-detudes-juives-du-college-des-bernardins","status":"publish","type":"post","link":"https:\/\/www.cirdic.fr\/index.php\/2022\/10\/07\/voici-le-programme-du-centre-chretien-detudes-juives-du-college-des-bernardins\/","title":{"rendered":"Voici le programme du  Centre Chr\u00e9tien d\u2019Etudes Juives du Coll\u00e8ge des Bernardins."},"content":{"rendered":"<div style=\"text-align: center;\"><strong>Merci de le faire conna\u00eetre, les inscriptions sont ouvertes.<\/strong><br \/>\n<a href=\"https:\/\/cirdic.us15.list-manage.com\/track\/click?u=9dcd9334ba41ef9d3b55e890d&amp;id=df12332b85&amp;e=5e00c99302\" target=\"_blank\" rel=\"noopener noreferrer\">lien vers le programme<\/a><\/div>\n<div><\/div>\n<div style=\"text-align: center;\"><strong>Veuillez noter\u00a0la session de rentr\u00e9e<\/strong><br \/>\n<strong>des 14 et 15 septembre sur le th\u00e8me\u00a0:<\/strong><\/div>\n<div style=\"text-align: center;\"><\/div>\n<div style=\"text-align: center;\"><strong>\u00ab\u00a0R\u00e9flexions juives sur le christianisme.\u00a0\u00bb<\/strong><\/div>\n<div style=\"text-align: center;\">\n<p>Dans les ann\u00e9es d\u2019apr\u00e8s-guerre, un changement substantiel a \u00e9t\u00e9 op\u00e9r\u00e9 par les diff\u00e9rentes Eglises chr\u00e9tiennes dans leur rapport avec le juda\u00efsme et au peuple juif. Les r\u00e9ponses juives sont advenues que tardivement, le temps de mettre \u00e0 l\u2019\u00e9preuve la cr\u00e9dibilit\u00e9 de cette\u00a0<em>metanoia<\/em>. Ce n\u2019est qu\u2019\u00e0 partir de 2000 avec\u00a0<em>Dabru Emet<\/em>\u00a0que la main tendue par les chr\u00e9tiens commence \u00e0 \u00eatre saisie par des personnalit\u00e9s du juda\u00efsme\u2026 Des textes, souvent \u00e9labor\u00e9s par des groupes de rabbins, seront publi\u00e9s en 2015, 50 ans apr\u00e8s\u00a0<em>Nostra Aetate<\/em>.Cette session veut rendre compte de de ces publications, mais aussi des r\u00e9flexions men\u00e9es par exemple par Joseph Ber Soloveitchik, Abraham Joshua Heschel, Irving Greenberg, David Novak \u2026<em>Avec Th\u00e9r\u00e8se M. Andrevon (Institut Catholique de Paris), William Krisel\u00a0(Institut Catholique de Paris), Serge Wutrich (Pasteur, Eglise protestante unie), Rabbin Alon Goshen-Gottstein (fondateur et directeur de l\u2019Institut interreligieux Elijah \u00e0 J\u00e9rusalem), Rabbin Rivon Krygier (Synagogue Adath Shalom, Paris), Rabbin Jonas Jacquelin (Synagogue Copernic, Paris), Rabbin Mika\u00ebl Azoulay (Synagogue Neuilly<\/em><\/p>\n<\/div>\n<p>&nbsp;<\/p>\n","protected":false},"excerpt":{"rendered":"<p>Merci de le faire conna\u00eetre, les inscriptions sont ouvertes. lien vers le programme Veuillez noter\u00a0la session de rentr\u00e9e des 14 et 15 septembre sur le th\u00e8me\u00a0: \u00ab\u00a0R\u00e9flexions juives sur le christianisme.\u00a0\u00bb Dans les ann\u00e9es d\u2019apr\u00e8s-guerre, un changement substantiel a \u00e9t\u00e9 op\u00e9r\u00e9 par les diff\u00e9rentes Eglises chr\u00e9tiennes dans leur rapport avec le juda\u00efsme et au peuple &hellip; <a href=\"https:\/\/www.cirdic.fr\/index.php\/2022\/10\/07\/voici-le-programme-du-centre-chretien-detudes-juives-du-college-des-bernardins\/\" class=\"more-link\">Continuer la lecture<span class=\"screen-reader-text\"> de &laquo;&nbsp;Voici le programme du  Centre Chr\u00e9tien d\u2019Etudes Juives du Coll\u00e8ge des Bernardins.&nbsp;&raquo;<\/span><\/a><\/p>\n","protected":false},"author":1,"featured_media":0,"comment_status":"closed","ping_status":"closed","sticky":false,"template":"","format":"standard","meta":{"_jetpack_memberships_contains_paid_content":false,"footnotes":""},"categories":[19],"tags":[],"class_list":["post-3935","post","type-post","status-publish","format-standard","hentry","category-sessions-we"],"jetpack_featured_media_url":"","jetpack_sharing_enabled":true,"_links":{"self":[{"href":"https:\/\/www.cirdic.fr\/index.php\/wp-json\/wp\/v2\/posts\/3935","targetHints":{"allow":["GET"]}}],"collection":[{"href":"https:\/\/www.cirdic.fr\/index.php\/wp-json\/wp\/v2\/posts"}],"about":[{"href":"https:\/\/www.cirdic.fr\/index.php\/wp-json\/wp\/v2\/types\/post"}],"author":[{"embeddable":true,"href":"https:\/\/www.cirdic.fr\/index.php\/wp-json\/wp\/v2\/users\/1"}],"replies":[{"embeddable":true,"href":"https:\/\/www.cirdic.fr\/index.php\/wp-json\/wp\/v2\/comments?post=3935"}],"version-history":[{"count":0,"href":"https:\/\/www.cirdic.fr\/index.php\/wp-json\/wp\/v2\/posts\/3935\/revisions"}],"wp:attachment":[{"href":"https:\/\/www.cirdic.fr\/index.php\/wp-json\/wp\/v2\/media?parent=3935"}],"wp:term":[{"taxonomy":"category","embeddable":true,"href":"https:\/\/www.cirdic.fr\/index.php\/wp-json\/wp\/v2\/categories?post=3935"},{"taxonomy":"post_tag","embeddable":true,"href":"https:\/\/www.cirdic.fr\/index.php\/wp-json\/wp\/v2\/tags?post=3935"}],"curies":[{"name":"wp","href":"https:\/\/api.w.org\/{rel}","templated":true}]}}