{"id":3933,"date":"2022-06-20T20:14:16","date_gmt":"2022-06-20T18:14:16","guid":{"rendered":"http:\/\/www.cirdic.fr\/?p=3933"},"modified":"2022-06-20T20:14:16","modified_gmt":"2022-06-20T18:14:16","slug":"une-fraternite-renouvelee","status":"publish","type":"post","link":"https:\/\/www.cirdic.fr\/index.php\/2022\/06\/20\/une-fraternite-renouvelee\/","title":{"rendered":"Une fraternit\u00e9 renouvel\u00e9e"},"content":{"rendered":"<table class=\"mcnTextBlock\" border=\"0\" width=\"100%\" cellspacing=\"0\" cellpadding=\"0\">\n<tbody class=\"mcnTextBlockOuter\">\n<tr>\n<td class=\"mcnTextBlockInner\" valign=\"top\">\n<table class=\"mcnTextContentContainer\" border=\"0\" width=\"100%\" cellspacing=\"0\" cellpadding=\"0\" align=\"left\">\n<tbody>\n<tr>\n<td class=\"mcnTextContent\" valign=\"top\">\n<h1>Une fraternit\u00e9 renouvel\u00e9e<\/h1>\n<p>de\u00a0Jean-Paul II<br \/>\n392 pages &#8211; mars 2022<\/p>\n<p>24,00\u20ac<\/p>\n<p>M\u00e9moire de la Shoah, lutte contre l\u2019antis\u00e9mitisme, rappel du lien spirituel entre christianisme et juda\u00efsme\u2026 Jean-Paul II, profond\u00e9ment marqu\u00e9, dans son enfance polonaise, par les atrocit\u00e9s de la Seconde Guerre mondiale, a fait de son pontificat celui de la r\u00e9conciliation des chr\u00e9tiens et des juifs. Premier pape \u00e0 reconna\u00eetre l\u2019\u00c9tat d\u2019Isra\u00ebl et \u00e0 entrer dans une synagogue en 1986, il n\u2019a cess\u00e9, dans ses d\u00e9clarations, de promouvoir la fraternit\u00e9 entre les fils d\u2019Abraham.<br \/>\nDes adresses amicales aux discours officiels, des hom\u00e9lies aux pri\u00e8res, des lettres personnelles aux exhortations apostoliques, c\u2019est toute sa richesse spirituelle, humaine, th\u00e9ologique et politique qui ressort de ce message constant de paix et d\u2019amour \u00e0 destination de ceux qu\u2019il consid\u00e8re comme des \u00ab fr\u00e8res a\u00een\u00e9s \u00bb.<br \/>\nUn compendium unique et essentiel, \u00e9clair\u00e9 par une pr\u00e9face lumineuse du pape Fran\u00e7ois, pour comprendre les enjeux actuels du dialogue jud\u00e9o-chr\u00e9tien.<\/p>\n<p><img loading=\"lazy\" decoding=\"async\" src=\"https:\/\/mcusercontent.com\/9dcd9334ba41ef9d3b55e890d\/images\/c069ae8d-72ab-d33c-f753-83b38f34539f.jpg\" width=\"249\" height=\"382\" data-file-id=\"2270362\" \/><\/p>\n<p><a href=\"https:\/\/cirdic.us15.list-manage.com\/track\/click?u=9dcd9334ba41ef9d3b55e890d&amp;id=56c0d89bf9&amp;e=5e00c99302\" target=\"_blank\" rel=\"noopener noreferrer\">https:\/\/www.editionsducerf.fr\/librairie\/livre\/19500\/une-fraternite-renouvelee<\/a><\/td>\n<\/tr>\n<\/tbody>\n<\/table>\n<\/td>\n<\/tr>\n<\/tbody>\n<\/table>\n<table class=\"mcnImageBlock\" border=\"0\" width=\"100%\" cellspacing=\"0\" cellpadding=\"0\">\n<tbody class=\"mcnImageBlockOuter\">\n<tr>\n<td class=\"mcnImageBlockInner\" valign=\"top\">\n<table class=\"mcnImageContentContainer\" border=\"0\" width=\"100%\" cellspacing=\"0\" cellpadding=\"0\" align=\"left\">\n<tbody>\n<tr>\n<td class=\"mcnImageContent\" valign=\"top\"><img decoding=\"async\" class=\"mcnImage\" src=\"https:\/\/mcusercontent.com\/9dcd9334ba41ef9d3b55e890d\/images\/9fab7c82-e97e-6973-918b-80d97fcdc555.jpeg\" alt=\"\" width=\"564\" align=\"center\" \/><\/td>\n<\/tr>\n<\/tbody>\n<\/table>\n<\/td>\n<\/tr>\n<\/tbody>\n<\/table>\n","protected":false},"excerpt":{"rendered":"<p>Une fraternit\u00e9 renouvel\u00e9e de\u00a0Jean-Paul II 392 pages &#8211; mars 2022 24,00\u20ac M\u00e9moire de la Shoah, lutte contre l\u2019antis\u00e9mitisme, rappel du lien spirituel entre christianisme et juda\u00efsme\u2026 Jean-Paul II, profond\u00e9ment marqu\u00e9, dans son enfance polonaise, par les atrocit\u00e9s de la Seconde Guerre mondiale, a fait de son pontificat celui de la r\u00e9conciliation des chr\u00e9tiens et des &hellip; <a href=\"https:\/\/www.cirdic.fr\/index.php\/2022\/06\/20\/une-fraternite-renouvelee\/\" class=\"more-link\">Continuer la lecture<span class=\"screen-reader-text\"> de &laquo;&nbsp;Une fraternit\u00e9 renouvel\u00e9e&nbsp;&raquo;<\/span><\/a><\/p>\n","protected":false},"author":1,"featured_media":0,"comment_status":"closed","ping_status":"closed","sticky":false,"template":"","format":"standard","meta":{"_jetpack_memberships_contains_paid_content":false,"footnotes":""},"categories":[24,3],"tags":[],"class_list":["post-3933","post","type-post","status-publish","format-standard","hentry","category-conferences","category-livre"],"jetpack_featured_media_url":"","jetpack_sharing_enabled":true,"_links":{"self":[{"href":"https:\/\/www.cirdic.fr\/index.php\/wp-json\/wp\/v2\/posts\/3933","targetHints":{"allow":["GET"]}}],"collection":[{"href":"https:\/\/www.cirdic.fr\/index.php\/wp-json\/wp\/v2\/posts"}],"about":[{"href":"https:\/\/www.cirdic.fr\/index.php\/wp-json\/wp\/v2\/types\/post"}],"author":[{"embeddable":true,"href":"https:\/\/www.cirdic.fr\/index.php\/wp-json\/wp\/v2\/users\/1"}],"replies":[{"embeddable":true,"href":"https:\/\/www.cirdic.fr\/index.php\/wp-json\/wp\/v2\/comments?post=3933"}],"version-history":[{"count":0,"href":"https:\/\/www.cirdic.fr\/index.php\/wp-json\/wp\/v2\/posts\/3933\/revisions"}],"wp:attachment":[{"href":"https:\/\/www.cirdic.fr\/index.php\/wp-json\/wp\/v2\/media?parent=3933"}],"wp:term":[{"taxonomy":"category","embeddable":true,"href":"https:\/\/www.cirdic.fr\/index.php\/wp-json\/wp\/v2\/categories?post=3933"},{"taxonomy":"post_tag","embeddable":true,"href":"https:\/\/www.cirdic.fr\/index.php\/wp-json\/wp\/v2\/tags?post=3933"}],"curies":[{"name":"wp","href":"https:\/\/api.w.org\/{rel}","templated":true}]}}