{"id":3893,"date":"2022-01-17T19:59:08","date_gmt":"2022-01-17T18:59:08","guid":{"rendered":"http:\/\/www.cirdic.fr\/?p=3893"},"modified":"2022-01-17T19:59:08","modified_gmt":"2022-01-17T18:59:08","slug":"les-racines-antiques-de-lantisemitisme","status":"publish","type":"post","link":"https:\/\/www.cirdic.fr\/index.php\/2022\/01\/17\/les-racines-antiques-de-lantisemitisme\/","title":{"rendered":"Les racines antiques de l&rsquo;antis\u00e9mitisme\u00a0\u00a0"},"content":{"rendered":"<p style=\"text-align: center;\"><em><u><strong>Visio-Conf\u00e9rence ouverte \u00e0 tous<\/strong><\/u><\/em><\/p>\n<p><strong>par Marie-Christine EMINE<\/strong><br \/>\n<strong>Professeur d\u2019histoire des Juifs au CCDEJ<\/strong><br \/>\n<strong>Coll\u00e8ge des Bernardins<br \/>\net membre du conseil d&rsquo;administration du CIRDIC<\/strong><br \/>\n<strong>Mercredi 26 janvier 2022 \u00e0 20h30<\/strong><\/p>\n<div style=\"text-align: center;\"><\/div>\n<div style=\"text-align: center;\"><img loading=\"lazy\" decoding=\"async\" src=\"https:\/\/mcusercontent.com\/9dcd9334ba41ef9d3b55e890d\/images\/9e94f86e-88fe-954f-46a2-7f8e4081e976.jpg\" width=\"600\" height=\"443\" data-file-id=\"2232890\" data-cke-saved-src=\"https:\/\/mcusercontent.com\/9dcd9334ba41ef9d3b55e890d\/images\/9e94f86e-88fe-954f-46a2-7f8e4081e976.jpg\" \/><\/div>\n<div style=\"text-align: center;\"><\/div>\n<div style=\"text-align: center;\">\n<p><strong><em>Participation libre aux frais<\/em><\/strong><\/p>\n<p><a href=\"https:\/\/www.helloasso.com\/associations\/amitie-judeo-chretienne-de-st-germain-en-laye-et-environs\/evenements\/les-racines-antiques-de-l-antisemitisme-2\" target=\"_blank\" rel=\"noopener noreferrer\" data-cke-saved-href=\"https:\/\/www.helloasso.com\/associations\/amitie-judeo-chretienne-de-st-germain-en-laye-et-environs\/evenements\/les-racines-antiques-de-l-antisemitisme-2\">Inscription obligatoire par ce lien<\/a><\/p>\n<p><strong><em>Pour toute demande ou difficult\u00e9,\u00a0<\/em><\/strong><strong><em><a target=\"_blank\" rel=\"noreferrer noopener\" data-cke-saved-href=\"mailto:amitiejc.saintgermain@gmail.com\">nous \u00e9crire par ce lien<\/a><\/em><\/strong><br \/>\nSi vous ne pouvez pas y assister en direct,<br \/>\n<u>vous pouvez vous inscrire pour b\u00e9n\u00e9ficier de l&rsquo;enregistrement en priorit\u00e9<\/u><\/p>\n<p><strong><em>Vous allez \u00eatre achemin\u00e9s vers la plateforme de billetterie s\u00e9curis\u00e9e HelloAsso<\/em><\/strong><br \/>\n<strong><em>Ce service est gratuit pour les associations mais HelloAsso sollicite un don lors de l&rsquo;inscription,\u00a0 aussi libre que la participation aux frais<\/em><\/strong><\/p>\n<p>Cette soir\u00e9e est organis\u00e9e par<br \/>\n<img loading=\"lazy\" decoding=\"async\" src=\"https:\/\/mcusercontent.com\/9dcd9334ba41ef9d3b55e890d\/images\/5b6a1db0-29c5-c91f-0d0c-7ad9658760f0.png\" width=\"100\" height=\"100\" data-file-id=\"2232886\" data-cke-saved-src=\"https:\/\/mcusercontent.com\/9dcd9334ba41ef9d3b55e890d\/images\/5b6a1db0-29c5-c91f-0d0c-7ad9658760f0.png\" \/><\/p>\n<\/div>\n<div>\n<div style=\"text-align: center;\"><\/div>\n<div style=\"text-align: center;\"><strong><em>Demande de renseignements\u00a0:\u00a0<a target=\"_blank\" rel=\"noreferrer noopener\" data-cke-saved-href=\"mailto:amitiejc.saintgermain@gmail.com\">nous contacter<\/a><\/em><\/strong><\/div>\n<\/div>\n","protected":false},"excerpt":{"rendered":"<p>Visio-Conf\u00e9rence ouverte \u00e0 tous par Marie-Christine EMINE Professeur d\u2019histoire des Juifs au CCDEJ Coll\u00e8ge des Bernardins et membre du conseil d&rsquo;administration du CIRDIC Mercredi 26 janvier 2022 \u00e0 20h30 Participation libre aux frais Inscription obligatoire par ce lien Pour toute demande ou difficult\u00e9,\u00a0nous \u00e9crire par ce lien Si vous ne pouvez pas y assister en &hellip; <a href=\"https:\/\/www.cirdic.fr\/index.php\/2022\/01\/17\/les-racines-antiques-de-lantisemitisme\/\" class=\"more-link\">Continuer la lecture<span class=\"screen-reader-text\"> de &laquo;&nbsp;Les racines antiques de l&rsquo;antis\u00e9mitisme\u00a0\u00a0&nbsp;&raquo;<\/span><\/a><\/p>\n","protected":false},"author":1,"featured_media":0,"comment_status":"closed","ping_status":"closed","sticky":false,"template":"","format":"standard","meta":{"_jetpack_memberships_contains_paid_content":false,"footnotes":""},"categories":[24],"tags":[],"class_list":["post-3893","post","type-post","status-publish","format-standard","hentry","category-conferences"],"jetpack_featured_media_url":"","jetpack_sharing_enabled":true,"_links":{"self":[{"href":"https:\/\/www.cirdic.fr\/index.php\/wp-json\/wp\/v2\/posts\/3893","targetHints":{"allow":["GET"]}}],"collection":[{"href":"https:\/\/www.cirdic.fr\/index.php\/wp-json\/wp\/v2\/posts"}],"about":[{"href":"https:\/\/www.cirdic.fr\/index.php\/wp-json\/wp\/v2\/types\/post"}],"author":[{"embeddable":true,"href":"https:\/\/www.cirdic.fr\/index.php\/wp-json\/wp\/v2\/users\/1"}],"replies":[{"embeddable":true,"href":"https:\/\/www.cirdic.fr\/index.php\/wp-json\/wp\/v2\/comments?post=3893"}],"version-history":[{"count":0,"href":"https:\/\/www.cirdic.fr\/index.php\/wp-json\/wp\/v2\/posts\/3893\/revisions"}],"wp:attachment":[{"href":"https:\/\/www.cirdic.fr\/index.php\/wp-json\/wp\/v2\/media?parent=3893"}],"wp:term":[{"taxonomy":"category","embeddable":true,"href":"https:\/\/www.cirdic.fr\/index.php\/wp-json\/wp\/v2\/categories?post=3893"},{"taxonomy":"post_tag","embeddable":true,"href":"https:\/\/www.cirdic.fr\/index.php\/wp-json\/wp\/v2\/tags?post=3893"}],"curies":[{"name":"wp","href":"https:\/\/api.w.org\/{rel}","templated":true}]}}