{"id":3843,"date":"2021-07-04T20:20:58","date_gmt":"2021-07-04T18:20:58","guid":{"rendered":"http:\/\/www.cirdic.fr\/?p=3843"},"modified":"2021-07-04T20:20:58","modified_gmt":"2021-07-04T18:20:58","slug":"le-pere-jean-radermakers-sj-vu-par-une-de-ses-eleves","status":"publish","type":"post","link":"https:\/\/www.cirdic.fr\/index.php\/2021\/07\/04\/le-pere-jean-radermakers-sj-vu-par-une-de-ses-eleves\/","title":{"rendered":"Le p\u00e8re Jean Radermakers (sj) par une de ses \u00e9l\u00e8ves"},"content":{"rendered":"<p><a href=\"https:\/\/www.cirdic.fr\/wp-content\/uploads\/2021\/06\/jean-radermakers-400x375-1.png\"><img loading=\"lazy\" decoding=\"async\" class=\"alignleft size-thumbnail wp-image-3835\" src=\"https:\/\/www.cirdic.fr\/wp-content\/uploads\/2021\/06\/jean-radermakers-400x375-1-150x150.png\" alt=\"\" width=\"150\" height=\"150\" \/><\/a><a href=\"https:\/\/www.cirdic.fr\/wp-content\/uploads\/2021\/07\/sr-Louise_Marie_Niesz_nds.jpg\"><img loading=\"lazy\" decoding=\"async\" class=\"alignleft size-thumbnail wp-image-3844\" src=\"https:\/\/www.cirdic.fr\/wp-content\/uploads\/2021\/07\/sr-Louise_Marie_Niesz_nds-150x150.jpg\" alt=\"\" width=\"150\" height=\"150\" \/><\/a>Le 12 juin dernier (2021) le P\u00e8re j\u00e9suite belge,<br \/>\nJean Radermakers a rejoint la J\u00e9rusalem c\u00e9leste.<\/p>\n<p style=\"text-align: justify;\">En lui, bien des s\u0153urs de Notre-Dame de Sion ont trouv\u00e9 un ma\u00eetre, un ami, un fr\u00e8re. Toute sa vie fut consacr\u00e9e \u00e0 l\u2019\u00e9tude et \u00e0 la transmission de la Parole de Dieu. <strong><em>L\u2019Ecriture l\u2019habitait et il habitait l\u2019Ecriture.<\/em><br \/>\n<\/strong>Ses nombreux livres, ses multiples s\u00e9jours en Isra\u00ebl avec des groupes dont il \u00e9tait \u00e0 la fois le guide et l\u2019animateur, ses innombrables sessions (Chantilly et ailleurs) en sont la preuve et le fruit. \u00a0 <!--more-->Au lendemain du chapitre G\u00e9n\u00e9ral de Renouveau (1970) M\u00e8re Emma, alors Provinciale de la Province de Paris conseilla fortement aux s\u0153urs de sa Province de se mettre \u00e0 l\u2019\u00e9tude du commentaire de l\u2019Evangile de St Matthieu que Jean Radermakers venait de terminer. Je me suis mise au travail avec assiduit\u00e9 et grand int\u00e9r\u00eat, d\u00e9couvrant progressivement une nouvelle mani\u00e8re d\u2019aborder la Parole de Dieu conforme \u00e0 l\u2019orientation prise au chapitre par les s\u0153urs de Sion<\/p>\n<p style=\"text-align: justify;\"><strong>A savoir\u00a0:<\/strong><\/p>\n<ul style=\"text-align: justify;\">\n<li>L\u2019unit\u00e9 des Ecritures en ses deux Testaments. <em>Le Dieu UN ne pouvait avoir qu\u2019UNE Parole.<\/em><\/li>\n<li>La jud\u00e9it\u00e9 de J\u00e9sus qui ne pouvait nous parler que dans les cat\u00e9gories mentales de son peuple, le peuple juif et sa tradition. R\u00e9alit\u00e9 et dimension essentielle de l\u2019Incarnation.<\/li>\n<li>Le Nouveau Testament ne se comprend qu\u2019\u00e0 la lumi\u00e8re de l\u2019Ancien et <em>le message de J\u00e9sus commence \u00e0 Abraham.<\/em><\/li>\n<\/ul>\n<p style=\"text-align: justify;\">R\u00e9volution de la pens\u00e9e pour beaucoup de chr\u00e9tiens. Il fallait donc transmettre cette nouvelle fa\u00e7on d\u2019aborder l\u2019Evangile. La programmation de cours du Sidic m\u2019en fournit l\u2019occasion et bien timidement je me mis \u00e0 transmettre \u00e0 mon tour ce que le commentaire de Jean sur St Matthieu m\u2019avait enseign\u00e9.<\/p>\n<p style=\"text-align: justify;\">Le public manifesta d\u2019abord de l\u2019\u00e9tonnement, ensuite de l\u2019enthousiasme et les demandes de sessions commenc\u00e8rent \u00e0 affluer. Je pus ainsi me rendre au Br\u00e9sil, au Costa-Rica, \u00e0 Rome, au Congo et en bien des lieux en France pour ma plus grande joie et toujours avec \u00abmon compagnon Matthieu\u00bb comme disaient les s\u0153urs.<\/p>\n<p style=\"text-align: justify;\">Tout cela je le dois \u00e0 ma congr\u00e9gation et \u00e0 Jean Radermakers\u00a0\u00a0 qui aida tant d\u2019entre nous \u00e0 penser et \u00e0 vivre davantage en conformit\u00e9 avec notre belle vocation dans l\u2019Eglise.<\/p>\n<p style=\"text-align: justify;\">\u00a0\u00a0\u00a0\u00a0\u00a0\u00a0\u00a0\u00a0\u00a0\u00a0\u00a0\u00a0\u00a0\u00a0\u00a0\u00a0\u00a0\u00a0\u00a0\u00a0\u00a0\u00a0\u00a0\u00a0\u00a0\u00a0\u00a0\u00a0\u00a0\u00a0\u00a0\u00a0\u00a0\u00a0\u00a0\u00a0\u00a0\u00a0\u00a0\u00a0\u00a0\u00a0\u00a0\u00a0\u00a0\u00a0\u00a0\u00a0\u00a0\u00a0\u00a0\u00a0\u00a0\u00a0\u00a0\u00a0\u00a0\u00a0\u00a0\u00a0\u00a0\u00a0\u00a0\u00a0\u00a0\u00a0\u00a0\u00a0\u00a0\u00a0\u00a0\u00a0\u00a0\u00a0\u00a0\u00a0\u00a0\u00a0\u00a0\u00a0\u00a0\u00a0\u00a0\u00a0\u00a0\u00a0\u00a0\u00a0\u00a0\u00a0\u00a0\u00a0\u00a0\u00a0\u00a0\u00a0\u00a0\u00a0\u00a0\u00a0\u00a0\u00a0\u00a0\u00a0\u00a0 S\u0153ur Louise Marie (nds)<\/p>\n<ul>\n<li><a href=\"https:\/\/www.editionsjesuites.com\/fr\/198__radermakers\" target=\"_blank\" rel=\"noopener noreferrer\">Bibliographie de ses livres sur le site des Editions j\u00e9suites<\/a><\/li>\n<li><a href=\"https:\/\/www.cairn.info\/publications-de-Jean-Radermakers--129290.htm\" target=\"_blank\" rel=\"noopener noreferrer\">Articles publi\u00e9s dans la Nouvelle Revue Th\u00e9ologique et accessibles par le site cairn.info<\/a><\/li>\n<li><a href=\"https:\/\/catalogue.cirdic.prod.pikoloco.eu\/cgi-bin\/koha\/opac-shelves.pl?op=view&amp;shelfnumber=38&amp;sortfield=title\" target=\"_blank\" rel=\"noopener noreferrer\">Documents consultables dans notre biblioth\u00e8que<\/a><\/li>\n<\/ul>\n","protected":false},"excerpt":{"rendered":"<p>Le 12 juin dernier (2021) le P\u00e8re j\u00e9suite belge, Jean Radermakers a rejoint la J\u00e9rusalem c\u00e9leste. En lui, bien des s\u0153urs de Notre-Dame de Sion ont trouv\u00e9 un ma\u00eetre, un ami, un fr\u00e8re. Toute sa vie fut consacr\u00e9e \u00e0 l\u2019\u00e9tude et \u00e0 la transmission de la Parole de Dieu. L\u2019Ecriture l\u2019habitait et il habitait l\u2019Ecriture. &hellip; <a href=\"https:\/\/www.cirdic.fr\/index.php\/2021\/07\/04\/le-pere-jean-radermakers-sj-vu-par-une-de-ses-eleves\/\" class=\"more-link\">Continuer la lecture<span class=\"screen-reader-text\"> de &laquo;&nbsp;Le p\u00e8re Jean Radermakers (sj) par une de ses \u00e9l\u00e8ves&nbsp;&raquo;<\/span><\/a><\/p>\n","protected":false},"author":2,"featured_media":0,"comment_status":"closed","ping_status":"closed","sticky":false,"template":"","format":"standard","meta":{"_jetpack_memberships_contains_paid_content":false,"footnotes":""},"categories":[10],"tags":[],"class_list":["post-3843","post","type-post","status-publish","format-standard","hentry","category-les-pionniers"],"jetpack_featured_media_url":"","jetpack_sharing_enabled":true,"_links":{"self":[{"href":"https:\/\/www.cirdic.fr\/index.php\/wp-json\/wp\/v2\/posts\/3843","targetHints":{"allow":["GET"]}}],"collection":[{"href":"https:\/\/www.cirdic.fr\/index.php\/wp-json\/wp\/v2\/posts"}],"about":[{"href":"https:\/\/www.cirdic.fr\/index.php\/wp-json\/wp\/v2\/types\/post"}],"author":[{"embeddable":true,"href":"https:\/\/www.cirdic.fr\/index.php\/wp-json\/wp\/v2\/users\/2"}],"replies":[{"embeddable":true,"href":"https:\/\/www.cirdic.fr\/index.php\/wp-json\/wp\/v2\/comments?post=3843"}],"version-history":[{"count":0,"href":"https:\/\/www.cirdic.fr\/index.php\/wp-json\/wp\/v2\/posts\/3843\/revisions"}],"wp:attachment":[{"href":"https:\/\/www.cirdic.fr\/index.php\/wp-json\/wp\/v2\/media?parent=3843"}],"wp:term":[{"taxonomy":"category","embeddable":true,"href":"https:\/\/www.cirdic.fr\/index.php\/wp-json\/wp\/v2\/categories?post=3843"},{"taxonomy":"post_tag","embeddable":true,"href":"https:\/\/www.cirdic.fr\/index.php\/wp-json\/wp\/v2\/tags?post=3843"}],"curies":[{"name":"wp","href":"https:\/\/api.w.org\/{rel}","templated":true}]}}