{"id":3833,"date":"2021-06-19T15:08:41","date_gmt":"2021-06-19T13:08:41","guid":{"rendered":"http:\/\/www.cirdic.fr\/?p=3833"},"modified":"2021-06-19T15:08:41","modified_gmt":"2021-06-19T13:08:41","slug":"disparition-du-pere-jean-radermakers-grand-bibliste-et-pedagogue","status":"publish","type":"post","link":"https:\/\/www.cirdic.fr\/index.php\/2021\/06\/19\/disparition-du-pere-jean-radermakers-grand-bibliste-et-pedagogue\/","title":{"rendered":"Disparition du p\u00e8re Jean Radermakers, grand bibliste et p\u00e9dagogue"},"content":{"rendered":"<p style=\"text-align: justify;\" data-fontsize=\"24\" data-lineheight=\"34.08px\"><strong><a href=\"https:\/\/www.cirdic.fr\/wp-content\/uploads\/2021\/06\/jean-radermakers-400x375-1.png\"><img loading=\"lazy\" decoding=\"async\" class=\"alignleft size-thumbnail wp-image-3835\" src=\"https:\/\/www.cirdic.fr\/wp-content\/uploads\/2021\/06\/jean-radermakers-400x375-1-150x150.png\" alt=\"\" width=\"150\" height=\"150\" \/><\/a>P\u00e8re Jean Radermakers, j\u00e9suite : 17\/07\/1924 &#8211; 13\/06\/2021<\/strong><\/p>\n<p>La disparition du p\u00e8re Radermakers touchera fortement tous les anciens \u00e9l\u00e8ves et membres du SIDIC et toutes les personnes reconnaissant l&rsquo;importance des sources juives dans l&rsquo;\u00e9tude de la Parole. Son travail sur Matthieu en particulier fruit d&rsquo;un travail d&rsquo;\u00e9quipe auquel s\u0153ur Louise-Marie (nds) a contribu\u00e9 a essaim\u00e9 en de nombreuses formations, conf\u00e9rences en France et de part le monde dans de nombreuses communaut\u00e9s de Notre-Dame de Sion. Mais aussi toutes les personnes qui ont lu ses livres ou entendu ses conf\u00e9rences le regretteront comme en t\u00e9moignent les articles publi\u00e9s \u00e0 l&rsquo;occasion de sa mort : <!--more--><\/p>\n<ul>\n<li><a href=\"https:\/\/www.nrt.be\/\" target=\"_blank\" rel=\"noopener noreferrer\">Sur le site de la NRT<\/a> (Nouvelle revue Th\u00e9ologique de Belgique) : <em><strong>\u00ab\u00a0serviteur et proph\u00e8te du Livre\u00a0\u00bb<\/strong><\/em><\/li>\n<li style=\"text-align: justify;\" data-fontsize=\"24\" data-lineheight=\"34.08px\">Sur le site de l&rsquo;\u00e9glise catholique belge : <em><strong>Jean Radermakers s\u2019en est all\u00e9: \u00ab\u00a0Il donnait faim et soif des Ecritures\u00a0\u00bb<\/strong><\/em><br \/>\nSon amour de la Bible et sa passion pour l\u2019enseignement l\u2019emmen\u00e8rent successivement \u00e0 Eegenhoven (Louvain) puis \u00e0 l\u2019Institut d\u2019\u00e9tudes th\u00e9ologiques de Bruxelles, dont il fut l\u2019une des grandes figures.<br \/>\nSuite sur <a href=\"https:\/\/www.cathobel.be\/2021\/06\/jean-radermakers-sen-est-alle-il-donnait-faim-et-soif-des-ecritures\/\" target=\"_blank\" rel=\"noopener noreferrer\">cathobel.be<\/a><\/li>\n<li style=\"text-align: justify;\" data-fontsize=\"24\" data-lineheight=\"34.08px\">Sur le site des j\u00e9suites : <em><strong>Un passeur de Parole s\u2019en est all\u00e9 : hommage au P. Jean Radermakers.<\/strong><\/em>\n<div style=\"text-align: justify;\">Serviteur et proph\u00e8te du Livre, le P. Jean Radermakers est d\u00e9c\u00e9d\u00e9 le 12 juin dernier, \u00e0 l\u2019\u00e2ge de 96 ans. Auteur et enseignant passionn\u00e9 (Institut d\u2019\u00c9tudes th\u00e9ologiques de Bruxelles) et conf\u00e9rencier hors pair, le P. Radermakers a \u00e9t\u00e9 un \u201cpasseur de Parole\u201d. Une personnalit\u00e9 attachante et une belle figure de l\u2019ex\u00e9g\u00e8se francophone nous a quitt\u00e9s.\u00a0 &#8230; Conf\u00e9rencier hors pair, ce j\u00e9suite h\u00e9bra\u00efsant et attach\u00e9 \u00e0 la tradition juive, a men\u00e9 d\u2019innombrables groupes en Terre Sainte, pour d\u00e9couvrir la Bible sur le terrain. <a href=\"https:\/\/www.jesuites.com\/passeur-de-parole-hommage-au-p-jean-radermakers\/\" target=\"_blank\" rel=\"noopener noreferrer\">Suite sur le site des j\u00e9suites<\/a><\/div>\n<\/li>\n<\/ul>\n","protected":false},"excerpt":{"rendered":"<p>P\u00e8re Jean Radermakers, j\u00e9suite : 17\/07\/1924 &#8211; 13\/06\/2021 La disparition du p\u00e8re Radermakers touchera fortement tous les anciens \u00e9l\u00e8ves et membres du SIDIC et toutes les personnes reconnaissant l&rsquo;importance des sources juives dans l&rsquo;\u00e9tude de la Parole. Son travail sur Matthieu en particulier fruit d&rsquo;un travail d&rsquo;\u00e9quipe auquel s\u0153ur Louise-Marie (nds) a contribu\u00e9 a essaim\u00e9 &hellip; <a href=\"https:\/\/www.cirdic.fr\/index.php\/2021\/06\/19\/disparition-du-pere-jean-radermakers-grand-bibliste-et-pedagogue\/\" class=\"more-link\">Continuer la lecture<span class=\"screen-reader-text\"> de &laquo;&nbsp;Disparition du p\u00e8re Jean Radermakers, grand bibliste et p\u00e9dagogue&nbsp;&raquo;<\/span><\/a><\/p>\n","protected":false},"author":2,"featured_media":0,"comment_status":"closed","ping_status":"closed","sticky":false,"template":"","format":"standard","meta":{"_jetpack_memberships_contains_paid_content":false,"footnotes":""},"categories":[7],"tags":[],"class_list":["post-3833","post","type-post","status-publish","format-standard","hentry","category-egliseetjudaisme"],"jetpack_featured_media_url":"","jetpack_sharing_enabled":true,"_links":{"self":[{"href":"https:\/\/www.cirdic.fr\/index.php\/wp-json\/wp\/v2\/posts\/3833","targetHints":{"allow":["GET"]}}],"collection":[{"href":"https:\/\/www.cirdic.fr\/index.php\/wp-json\/wp\/v2\/posts"}],"about":[{"href":"https:\/\/www.cirdic.fr\/index.php\/wp-json\/wp\/v2\/types\/post"}],"author":[{"embeddable":true,"href":"https:\/\/www.cirdic.fr\/index.php\/wp-json\/wp\/v2\/users\/2"}],"replies":[{"embeddable":true,"href":"https:\/\/www.cirdic.fr\/index.php\/wp-json\/wp\/v2\/comments?post=3833"}],"version-history":[{"count":0,"href":"https:\/\/www.cirdic.fr\/index.php\/wp-json\/wp\/v2\/posts\/3833\/revisions"}],"wp:attachment":[{"href":"https:\/\/www.cirdic.fr\/index.php\/wp-json\/wp\/v2\/media?parent=3833"}],"wp:term":[{"taxonomy":"category","embeddable":true,"href":"https:\/\/www.cirdic.fr\/index.php\/wp-json\/wp\/v2\/categories?post=3833"},{"taxonomy":"post_tag","embeddable":true,"href":"https:\/\/www.cirdic.fr\/index.php\/wp-json\/wp\/v2\/tags?post=3833"}],"curies":[{"name":"wp","href":"https:\/\/api.w.org\/{rel}","templated":true}]}}