{"id":3830,"date":"2021-06-12T16:29:03","date_gmt":"2021-06-12T14:29:03","guid":{"rendered":"http:\/\/www.cirdic.fr\/?p=3830"},"modified":"2021-06-12T16:29:03","modified_gmt":"2021-06-12T14:29:03","slug":"17-06-21-le-mystere-disrael-une-cle-pour-la-vitalite-de-leglise","status":"publish","type":"post","link":"https:\/\/www.cirdic.fr\/index.php\/2021\/06\/12\/17-06-21-le-mystere-disrael-une-cle-pour-la-vitalite-de-leglise\/","title":{"rendered":"17\/06\/21. \u00ab\u00a0Le myst\u00e8re d&rsquo;Isra\u00ebl : une cl\u00e9 pour la vitalit\u00e9 de l&rsquo;Eglise\u00a0\u00bb"},"content":{"rendered":"<p><a href=\"https:\/\/www.cirdic.fr\/wp-content\/uploads\/2021\/06\/pere-alexis-leproux_fa144927-41c8-4713-ae9e-69a8d78db0f7.png\"><img loading=\"lazy\" decoding=\"async\" class=\"alignleft wp-image-3831 size-thumbnail\" src=\"https:\/\/www.cirdic.fr\/wp-content\/uploads\/2021\/06\/pere-alexis-leproux_fa144927-41c8-4713-ae9e-69a8d78db0f7-150x150.png\" alt=\"\" width=\"150\" height=\"150\" \/><\/a>Conf\u00e9rence en ligne du p\u00e8re Alexis Leproux organis\u00e9e par <strong>le Vent des rencontres<\/strong><br \/>\n<strong>Jeudi 17 juin de 20h \u00e0 22h<br \/>\n<\/strong><a href=\"https:\/\/mailchi.mp\/5c3495afb719\/wxgg8otpu5-4848918?e=34895d02c5\" target=\"_blank\" rel=\"noopener noreferrer\">Lien pour vous inscrire<\/a><br \/>\nUne conf\u00e9rence ouverte \u00e0 tous et pleine d&rsquo;esp\u00e9rance<\/p>\n","protected":false},"excerpt":{"rendered":"<p>Conf\u00e9rence en ligne du p\u00e8re Alexis Leproux organis\u00e9e par le Vent des rencontres Jeudi 17 juin de 20h \u00e0 22h Lien pour vous inscrire Une conf\u00e9rence ouverte \u00e0 tous et pleine d&rsquo;esp\u00e9rance<\/p>\n","protected":false},"author":2,"featured_media":0,"comment_status":"closed","ping_status":"closed","sticky":false,"template":"","format":"standard","meta":{"_jetpack_memberships_contains_paid_content":false,"footnotes":""},"categories":[24,7],"tags":[],"class_list":["post-3830","post","type-post","status-publish","format-standard","hentry","category-conferences","category-egliseetjudaisme"],"jetpack_featured_media_url":"","jetpack_sharing_enabled":true,"_links":{"self":[{"href":"https:\/\/www.cirdic.fr\/index.php\/wp-json\/wp\/v2\/posts\/3830","targetHints":{"allow":["GET"]}}],"collection":[{"href":"https:\/\/www.cirdic.fr\/index.php\/wp-json\/wp\/v2\/posts"}],"about":[{"href":"https:\/\/www.cirdic.fr\/index.php\/wp-json\/wp\/v2\/types\/post"}],"author":[{"embeddable":true,"href":"https:\/\/www.cirdic.fr\/index.php\/wp-json\/wp\/v2\/users\/2"}],"replies":[{"embeddable":true,"href":"https:\/\/www.cirdic.fr\/index.php\/wp-json\/wp\/v2\/comments?post=3830"}],"version-history":[{"count":0,"href":"https:\/\/www.cirdic.fr\/index.php\/wp-json\/wp\/v2\/posts\/3830\/revisions"}],"wp:attachment":[{"href":"https:\/\/www.cirdic.fr\/index.php\/wp-json\/wp\/v2\/media?parent=3830"}],"wp:term":[{"taxonomy":"category","embeddable":true,"href":"https:\/\/www.cirdic.fr\/index.php\/wp-json\/wp\/v2\/categories?post=3830"},{"taxonomy":"post_tag","embeddable":true,"href":"https:\/\/www.cirdic.fr\/index.php\/wp-json\/wp\/v2\/tags?post=3830"}],"curies":[{"name":"wp","href":"https:\/\/api.w.org\/{rel}","templated":true}]}}