{"id":3704,"date":"2021-01-09T19:14:00","date_gmt":"2021-01-09T18:14:00","guid":{"rendered":"http:\/\/www.cirdic.fr\/?p=3704"},"modified":"2021-01-09T19:14:00","modified_gmt":"2021-01-09T18:14:00","slug":"chemins-bibliques-a-lecoute-de-la-torah-des-psaumes-et-des-evangiles","status":"publish","type":"post","link":"https:\/\/www.cirdic.fr\/index.php\/2021\/01\/09\/chemins-bibliques-a-lecoute-de-la-torah-des-psaumes-et-des-evangiles\/","title":{"rendered":"\u00ab\u00a0Chemins bibliques \u00e0 l&rsquo;\u00e9coute de la Torah, des psaumes et des Evangiles.\u00a0\u00bb"},"content":{"rendered":"<h2>Journ\u00e9es d\u2019\u00e9tude avec Philippe Haddad, Rabbin et Auteur<\/h2>\n<p>\u00e0 la Maison des Fr\u00e8res de SION<\/p>\n<p><strong>Lundis 11 janvier, 08 Mars et 31 Mai 2021<\/strong><br \/>\nTrois journ\u00e9es pour trois th\u00e8mes en trois conf\u00e9rences<br \/>\nLIBERT\u00c9 \u2013 \u00c9GALIT\u00c9 \u2013 FRATERNIT\u00c9<\/p>\n<p>Le triptyque \u00ab\u00a0Libert\u00e9, Egalit\u00e9, Fraternit\u00e9\u00a0\u00bb constitue la devise de la R\u00e9publique fran\u00e7aise (et de la R\u00e9publique d&rsquo;Ha\u00efti).<br \/>\nElle figure dans l&rsquo;article 2 de la Constitution fran\u00e7aise du 4 octobre 1958 et se trouve sur tous les frontons des mairies de France.<br \/>\nCe triptyque ne peut laisser indiff\u00e9rent les Fois juive et chr\u00e9tienne, car il traduit des valeurs pr\u00f4n\u00e9es par les proph\u00e8tes d&rsquo;Isra\u00ebl et par J\u00e9sus.<br \/>\nNos trois rencontres permettront d&rsquo;approfondir ces trois valeurs, selon notre mode d&rsquo;\u00e9tude, 3 s\u00e9ances : deux \u00e0 partir de la Bible h\u00e9bra\u00efque et une depuis les Evangiles.<\/p>\n<p>Merci de vous munir de vos Bibles compl\u00e8tes.<!--more--><\/p>\n<h2>Renseignements pratiques<\/h2>\n<p>GROUPE MAXIMUM de 15 personnes.pour le pr\u00e9sentiel<br \/>\nLIEU : MAISON DES FRERES DE SION<br \/>\n68 bis Rue ND des Champs<br \/>\n75006 PARIS<br \/>\nMETRO : ND des Champs \/ Raspail\/ Vavin<\/p>\n<h3>QUAND ?<\/h3>\n<p>&#8211; Lundi 11 janvier 2021<br \/>\n&#8211; Lundi 08 Mars 2021<br \/>\n&#8211; Lundi 31 Mai 2021<\/p>\n<p><strong>HORAIRES :<\/strong> De 10h \u00e0 17h30 ( accueil de 10h \u00e0 10h30)<br \/>\n10H30-12H \/ 13H30- 15H \/ 16H-17h30<\/p>\n<p>REPAS De MIDI : \u00e0 la charge des participants :<br \/>\n&#8211; On peut apporter un pique-nique \u00e0 manger sur place<br \/>\n&#8211; Il est possible aussi d\u2019aller manger \u00e0 l\u2019ext\u00e9rieur ( conseill\u00e9 )<br \/>\nPAUSE de l\u2019apr\u00e8s-midi : des boissons chaudes seront \u00e0 disposition .<\/p>\n<p>FRAIS : Nous paierons 50 euros par journ\u00e9e.<br \/>\nPRESENTIEL :\u00e0 chaque s\u00e9ance ( de pr\u00e9f\u00e9rence en esp\u00e8ces)<br \/>\nPAR ZOOM : par un ch\u00e8que de 50 euros \u00e0 l\u2019ordre de Philippe Haddad \u00e0 l\u2019issue de chaque journ\u00e9e.<\/p>\n<p>Chacun apporte une Bible compl\u00e8te ( Bible H\u00e9bra\u00efque + Nouveau testament)<br \/>\nAucune connaissance d\u2019H\u00e9breu n\u2019est obligatoire.<\/p>\n<p>Cette ann\u00e9e, en raison des mesures sanitaires, vous avez le choix entre le pr\u00e9sentiel chez les fr\u00e8res de Sion et les conf\u00e9rences en ZOOM.<br \/>\n\u2026\u2026\u2026\u2026\u2026\u2026\u2026\u2026\u2026\u2026\u2026\u2026\u2026\u2026\u2026\u2026\u2026\u2026\u2026\u2026<\/p>\n<h2>Bulletin d&rsquo;inscription<\/h2>\n<p>NOM :<\/p>\n<p>ADRESSE :<\/p>\n<p>TEL :<\/p>\n<p>MAIL :<\/p>\n<p>S\u2019inscrit au parcours \u00ab libert\u00e9, \u00e9galit\u00e9, fraternit\u00e9 \u00bb avec le rabbin Haddad.<\/p>\n<p>Je choisis :<br \/>\n&#8211; Le pr\u00e9sentiel<br \/>\n&#8211; la visioconf\u00e9rence par ZOOM<br \/>\nBarrer la mention inutile.<\/p>\n<p>Inscriptions et ch\u00e8ques \u00e0 faire parvenir \u00e0 :<\/p>\n<p>ROSELINE DERRIEN<br \/>\nLes Borels<br \/>\n07460<br \/>\nCASTELJAU<br \/>\nCh\u00e8ques \u00e0 l\u2019ordre de Philippe Haddad<\/p>\n<p>Mail : <a href=\"mailto:racinesjuivesduchristianisme@gmail.com\">racinesjuivesduchristianisme@gmail.com<\/a><br \/>\nTel : 06 81 57 42 11<\/p>\n","protected":false},"excerpt":{"rendered":"<p>Journ\u00e9es d\u2019\u00e9tude avec Philippe Haddad, Rabbin et Auteur \u00e0 la Maison des Fr\u00e8res de SION Lundis 11 janvier, 08 Mars et 31 Mai 2021 Trois journ\u00e9es pour trois th\u00e8mes en trois conf\u00e9rences LIBERT\u00c9 \u2013 \u00c9GALIT\u00c9 \u2013 FRATERNIT\u00c9 Le triptyque \u00ab\u00a0Libert\u00e9, Egalit\u00e9, Fraternit\u00e9\u00a0\u00bb constitue la devise de la R\u00e9publique fran\u00e7aise (et de la R\u00e9publique d&rsquo;Ha\u00efti). Elle &hellip; <a href=\"https:\/\/www.cirdic.fr\/index.php\/2021\/01\/09\/chemins-bibliques-a-lecoute-de-la-torah-des-psaumes-et-des-evangiles\/\" class=\"more-link\">Continuer la lecture<span class=\"screen-reader-text\"> de &laquo;&nbsp;\u00ab\u00a0Chemins bibliques \u00e0 l&rsquo;\u00e9coute de la Torah, des psaumes et des Evangiles.\u00a0\u00bb&nbsp;&raquo;<\/span><\/a><\/p>\n","protected":false},"author":2,"featured_media":0,"comment_status":"closed","ping_status":"closed","sticky":false,"template":"","format":"standard","meta":{"_jetpack_memberships_contains_paid_content":false,"footnotes":""},"categories":[19],"tags":[],"class_list":["post-3704","post","type-post","status-publish","format-standard","hentry","category-sessions-we"],"jetpack_featured_media_url":"","jetpack_sharing_enabled":true,"_links":{"self":[{"href":"https:\/\/www.cirdic.fr\/index.php\/wp-json\/wp\/v2\/posts\/3704","targetHints":{"allow":["GET"]}}],"collection":[{"href":"https:\/\/www.cirdic.fr\/index.php\/wp-json\/wp\/v2\/posts"}],"about":[{"href":"https:\/\/www.cirdic.fr\/index.php\/wp-json\/wp\/v2\/types\/post"}],"author":[{"embeddable":true,"href":"https:\/\/www.cirdic.fr\/index.php\/wp-json\/wp\/v2\/users\/2"}],"replies":[{"embeddable":true,"href":"https:\/\/www.cirdic.fr\/index.php\/wp-json\/wp\/v2\/comments?post=3704"}],"version-history":[{"count":0,"href":"https:\/\/www.cirdic.fr\/index.php\/wp-json\/wp\/v2\/posts\/3704\/revisions"}],"wp:attachment":[{"href":"https:\/\/www.cirdic.fr\/index.php\/wp-json\/wp\/v2\/media?parent=3704"}],"wp:term":[{"taxonomy":"category","embeddable":true,"href":"https:\/\/www.cirdic.fr\/index.php\/wp-json\/wp\/v2\/categories?post=3704"},{"taxonomy":"post_tag","embeddable":true,"href":"https:\/\/www.cirdic.fr\/index.php\/wp-json\/wp\/v2\/tags?post=3704"}],"curies":[{"name":"wp","href":"https:\/\/api.w.org\/{rel}","templated":true}]}}