{"id":3661,"date":"2020-11-06T15:42:54","date_gmt":"2020-11-06T14:42:54","guid":{"rendered":"http:\/\/www.cirdic.fr\/?p=3661"},"modified":"2020-11-06T15:42:54","modified_gmt":"2020-11-06T14:42:54","slug":"15-novembre-2020-15h-ag-2020-par-zoom-et-16h30-conference","status":"publish","type":"post","link":"https:\/\/www.cirdic.fr\/index.php\/2020\/11\/06\/15-novembre-2020-15h-ag-2020-par-zoom-et-16h30-conference\/","title":{"rendered":"15 novembre 2020. 15h AG 2020 par Zoom et 16h30 conf\u00e9rence"},"content":{"rendered":"<p style=\"text-align: justify;\"><a href=\"https:\/\/www.cirdic.fr\/wp-content\/uploads\/2020\/11\/logo-CIRDIC-carre-fond-clair-couleur.jpg\"><img loading=\"lazy\" decoding=\"async\" class=\"alignleft size-thumbnail wp-image-3663\" src=\"https:\/\/www.cirdic.fr\/wp-content\/uploads\/2020\/11\/logo-CIRDIC-carre-fond-clair-couleur-150x150.jpg\" alt=\"\" width=\"150\" height=\"150\" srcset=\"https:\/\/www.cirdic.fr\/wp-content\/uploads\/2020\/11\/logo-CIRDIC-carre-fond-clair-couleur-150x150.jpg 150w, https:\/\/www.cirdic.fr\/wp-content\/uploads\/2020\/11\/logo-CIRDIC-carre-fond-clair-couleur.jpg 245w\" sizes=\"auto, (max-width: 150px) 85vw, 150px\" \/><\/a>Notre Assembl\u00e9e g\u00e9n\u00e9rale initialement pr\u00e9vue au Lyc\u00e9e Notre-Dame de Sion aura lieu par Zoom. Pour y assister, \u00eatre \u00e0 jour de sa <a href=\"https:\/\/www.cirdic.fr\/index.php\/qui-sommes-nous-2\/nous-aider\/\">cotisation 2020<\/a> et demander le lien \u00e0 <a href=\"mailto:contacts@cirdic.fr\">contacts@cirdic.fr.<\/a><\/p>\n<p style=\"text-align: justify;\"><strong>Ordre du jour :<br \/>\n<\/strong><\/p>\n<ol style=\"text-align: justify;\">\n<li>D\u00e9signation d\u2019un pr\u00e9sident et d\u2019un secr\u00e9taire de s\u00e9ance<\/li>\n<li>Pr\u00e9sentation du rapport moral et du rapport d\u2019activit\u00e9 par le conseil d\u2019administration (bilan et projets)<\/li>\n<li>Pr\u00e9sentation des comptes par le tr\u00e9sorier<\/li>\n<li>Renouvellement des membres du conseil d\u2019administration<\/li>\n<li>\u00c9changes avec les adh\u00e9rents<\/li>\n<\/ol>\n<p style=\"text-align: justify;\">Les points 2, 3 et 4 donneront lieu \u00e0 un vote.<\/p>\n<p style=\"text-align: justify;\"><strong>A 16h30,<\/strong> nous accueillerons monseigneur Alexis LEPROUX, pr\u00e9sident du coll\u00e8ge des Bernardins, vicaire g\u00e9n\u00e9ral du dioc\u00e8se de Paris, qui nous parlera de <em>\u00ab\u00a0La promesse de la Terre\u00a0\u00bb<\/em>.<br \/>\nSi vous souhaitez nous rejoindre sur Zoom pour cette deuxi\u00e8me partie, merci de nous indiquer votre pr\u00e9sence en nous envoyant un mail d&rsquo;inscription \u00e0 <a href=\"https:\/\/cirdic.us15.list-manage.com\/track\/click?u=9dcd9334ba41ef9d3b55e890d&amp;id=79a5d49230&amp;e=4f9309ee0f\" target=\"_blank\" rel=\"noopener noreferrer\" data-saferedirecturl=\"https:\/\/www.google.com\/url?q=https:\/\/cirdic.us15.list-manage.com\/track\/click?u%3D9dcd9334ba41ef9d3b55e890d%26id%3D79a5d49230%26e%3D4f9309ee0f&amp;source=gmail&amp;ust=1604758936522000&amp;usg=AFQjCNGrHVpB9DQdDXRD1gM9KEx0Q-1ybA\">contacts@cirdic.fr<\/a>. Nous vous enverrons le lien qui vous permettra\u00a0 de suivre la conf\u00e9rence.<\/p>\n","protected":false},"excerpt":{"rendered":"<p>Notre Assembl\u00e9e g\u00e9n\u00e9rale initialement pr\u00e9vue au Lyc\u00e9e Notre-Dame de Sion aura lieu par Zoom. Pour y assister, \u00eatre \u00e0 jour de sa cotisation 2020 et demander le lien \u00e0 contacts@cirdic.fr. Ordre du jour : D\u00e9signation d\u2019un pr\u00e9sident et d\u2019un secr\u00e9taire de s\u00e9ance Pr\u00e9sentation du rapport moral et du rapport d\u2019activit\u00e9 par le conseil d\u2019administration (bilan &hellip; <a href=\"https:\/\/www.cirdic.fr\/index.php\/2020\/11\/06\/15-novembre-2020-15h-ag-2020-par-zoom-et-16h30-conference\/\" class=\"more-link\">Continuer la lecture<span class=\"screen-reader-text\"> de &laquo;&nbsp;15 novembre 2020. 15h AG 2020 par Zoom et 16h30 conf\u00e9rence&nbsp;&raquo;<\/span><\/a><\/p>\n","protected":false},"author":2,"featured_media":0,"comment_status":"closed","ping_status":"closed","sticky":false,"template":"","format":"standard","meta":{"_jetpack_memberships_contains_paid_content":false,"footnotes":""},"categories":[8],"tags":[],"class_list":["post-3661","post","type-post","status-publish","format-standard","hentry","category-vie-du-cirdic"],"jetpack_featured_media_url":"","jetpack_sharing_enabled":true,"_links":{"self":[{"href":"https:\/\/www.cirdic.fr\/index.php\/wp-json\/wp\/v2\/posts\/3661","targetHints":{"allow":["GET"]}}],"collection":[{"href":"https:\/\/www.cirdic.fr\/index.php\/wp-json\/wp\/v2\/posts"}],"about":[{"href":"https:\/\/www.cirdic.fr\/index.php\/wp-json\/wp\/v2\/types\/post"}],"author":[{"embeddable":true,"href":"https:\/\/www.cirdic.fr\/index.php\/wp-json\/wp\/v2\/users\/2"}],"replies":[{"embeddable":true,"href":"https:\/\/www.cirdic.fr\/index.php\/wp-json\/wp\/v2\/comments?post=3661"}],"version-history":[{"count":0,"href":"https:\/\/www.cirdic.fr\/index.php\/wp-json\/wp\/v2\/posts\/3661\/revisions"}],"wp:attachment":[{"href":"https:\/\/www.cirdic.fr\/index.php\/wp-json\/wp\/v2\/media?parent=3661"}],"wp:term":[{"taxonomy":"category","embeddable":true,"href":"https:\/\/www.cirdic.fr\/index.php\/wp-json\/wp\/v2\/categories?post=3661"},{"taxonomy":"post_tag","embeddable":true,"href":"https:\/\/www.cirdic.fr\/index.php\/wp-json\/wp\/v2\/tags?post=3661"}],"curies":[{"name":"wp","href":"https:\/\/api.w.org\/{rel}","templated":true}]}}