{"id":3646,"date":"2020-11-24T09:00:51","date_gmt":"2020-11-24T08:00:51","guid":{"rendered":"http:\/\/www.cirdic.fr\/?p=3646"},"modified":"2020-11-24T09:00:51","modified_gmt":"2020-11-24T08:00:51","slug":"ecritures-en-partage-presentation","status":"publish","type":"post","link":"https:\/\/www.cirdic.fr\/index.php\/2020\/11\/24\/ecritures-en-partage-presentation\/","title":{"rendered":"Ecritures en partage. Pr\u00e9sentation"},"content":{"rendered":"<p style=\"text-align: left;\"><a href=\"https:\/\/www.cirdic.fr\/wp-content\/uploads\/2020\/10\/806px-Red_sea_passage.jpg\"><img loading=\"lazy\" decoding=\"async\" class=\"size-medium wp-image-3650 alignleft\" src=\"https:\/\/www.cirdic.fr\/wp-content\/uploads\/2020\/10\/806px-Red_sea_passage-236x300.jpg\" alt=\"\" width=\"236\" height=\"300\" srcset=\"https:\/\/www.cirdic.fr\/wp-content\/uploads\/2020\/10\/806px-Red_sea_passage-236x300.jpg 236w, https:\/\/www.cirdic.fr\/wp-content\/uploads\/2020\/10\/806px-Red_sea_passage.jpg 630w\" sizes=\"auto, (max-width: 236px) 85vw, 236px\" \/><\/a>Le service dioc\u00e9sain des relations avec le juda\u00efsme de Bayonne nous invite \u00e0 une s\u00e9rie de lectures en ligne<br \/>\n<em><strong>\u201cEcritures en partage\u201d<\/strong><\/em><\/p>\n<p style=\"text-align: left;\"><strong>Premi\u00e8re conf\u00e9rence : 30 novembre 2020<\/strong><em><strong><br \/>\n<\/strong><\/em><\/p>\n<p style=\"text-align: justify;\"><strong>Pr\u00e9sentation de Jean Kalman, son responsable :<br \/>\n<\/strong>En 2015 Mgr Aillet, l\u2019\u00e9v\u00eaque de Bayonne, cr\u00e9ait un service dioc\u00e9sain pour les relations avec le juda\u00efsme et m\u2019en confiait la responsabilit\u00e9.<br \/>\nL\u2019ann\u00e9e suivant j\u2019invitais le rabbin Yeshaya Dalsace \u00e0 venir faire une conf\u00e9rence \u00e0 Bayonne puis \u00e0 Pau. En 2018 le professeur Andr\u00e9 W\u00e9nin intervenait \u00e0 son tour dans le d\u00e9partement.<br \/>\nDans le contexte actuel les conf\u00e9rences et groupes de lecture sont particuli\u00e8rement difficiles \u00e0 organiser. En revanche, Andr\u00e9 W\u00e9nin et Yeshaya Dalsace sont tomb\u00e9s d\u2019accord pour initier une s\u00e9rie de rencontres par Zoom et sur Youtube. Nous avons choisi comme titre \u201cEcritures en partage\u201d.<!--more--><\/p>\n<div class=\"moz-forward-container\">\n<p style=\"text-align: justify;\">Le premier texte retenu est le r\u00e9cit du passage de la mer\u00a0(Exode 13,17-15,21).<br \/>\nLe premier \u00e9change aura lieu le <b>lundi 30 novembre de 18h00 \u00e0\u00a0 19h30<\/b><b> <\/b><b><br \/>\n<\/b><\/p>\n<p style=\"text-align: justify;\">A la r\u00e9flexion, il m\u2019a sembl\u00e9 qu\u2019il serait souhaitable de mettre \u00e0 la disposition de ceux qui souhaitent pr\u00e9parer cette \u00e9tude \u00e0 deux voix des documents comme ceux qui figurent dans le n\u00b0 92 du suppl\u00e9ment aux Cahiers Evangile (pr\u00e9cis\u00e9ment sur Ex 14) ou bien encore des interrogations sur la \u2018violence\u2019 du r\u00e9cit par exemple. Je remercie le CIRDIC d\u2019avoir accueilli favorablement ma demande.<\/p>\n<\/div>\n<div class=\"sharedaddy sd-sharing-enabled\">\n<div class=\"robots-nocontent sd-block sd-social sd-social-icon sd-sharing\">\n<h2 style=\"text-align: left;\">A &#8211; La Bible : un nouveau regard &#8211; des enjeux pour aujourd&rsquo;hui<\/h2>\n<ul style=\"text-align: justify;\">\n<li>L&rsquo;extrait d&rsquo;un article de Jan Joosten, bibliste belge, qui permet de pr\u00e9ciser l\u2019objectif de ce genre d\u2019\u00e9change : <a href=\"https:\/\/www.cirdic.fr\/wp-content\/uploads\/2020\/10\/201028_JanJoostenATetJ.pdf\">La Bible h\u00e9bra\u00efque, le NT et la repr\u00e9sentation du juda\u00efsme aupr\u00e8s des protestants. Foi et Vie d\u00e9c 2011 (pp. 5-16) (Extrait)<\/a><\/li>\n<\/ul>\n<p style=\"text-align: justify;\"><a href=\"http:\/\/cirdictest.letraindelamemoire.fr\/wp-content\/uploads\/2020\/11\/MarcionBDupuy.pdf\"><em>L&rsquo;h\u00e9r\u00e9sie de Marcion et ses r\u00e9surgences actuelles<\/em>. Bernard Dupuy, Axes, oct-nov 1978, republi\u00e9 dans Quarante ans d\u2019\u00e9tudes sur Isra\u00ebl, Parole et Silence, 2008, pp. 155-6<\/a><\/p>\n<h2 style=\"text-align: left;\">B &#8211; Le passage de la mer :<br \/>\nExode 13,17-15,21<\/h2>\n<h3 style=\"text-align: justify;\">1 &#8211; Textes H\u00e9breu et Fran\u00e7ais<\/h3>\n<ul style=\"text-align: justify;\">\n<li>un lien vers le texte h\u00e9breu : <a href=\"http:\/\/www.sefarim.fr\/\" target=\"_blank\" rel=\"noopener noreferrer\">http:\/\/www.sefarim.fr\/<\/a><\/li>\n<li>un lien vers le site\u00a0<a href=\"http:\/\/levangile.com\/\" target=\"_blank\" rel=\"noopener noreferrer\" data-saferedirecturl=\"https:\/\/www.google.com\/url?q=http:\/\/levangile.com&amp;source=gmail&amp;ust=1605368959723000&amp;usg=AFQjCNEl3uu9HOnrlo7uYcGfYfAA_ZfufA\">levangile.com<\/a>\u00a0qui donne plusieurs traductions<\/li>\n<\/ul>\n<h5 style=\"text-align: justify;\">Remarques sur le texte<\/h5>\n<p style=\"text-align: justify;\"><a href=\"https:\/\/www.cirdic.fr\/wp-content\/uploads\/2020\/10\/201027_PassageMer.pdf\">une reconstitution des couches r\u00e9dactionnelles de Ex 13,17-14,31<\/a>\u00a0(qu\u2019Andr\u00e9 W\u00e9nin signale sans l\u2019utiliser personnellement)<\/p>\n<h3 style=\"text-align: justify;\">2 &#8211; Commentaires des traditions juives<\/h3>\n<ul>\n<li style=\"text-align: justify;\">Dans son petit livre\u00a0<i><a class=\"broken_link\" href=\"https:\/\/www.decitre.fr\/livres\/les-enigmes-du-passe-9782872991136.html\" target=\"_blank\" rel=\"noopener noreferrer\">Les \u00e9nigmes du pass\u00e9 \u2013 Histoire d\u2019Isra\u00ebl et r\u00e9cit biblique<\/a>,<\/i> Jean-Louis Ska consacre 3 pages aux \u00e9v\u00e9nements qui ont pu donner naissance au r\u00e9cit d\u2019Ex 13-14-15. Cela a un int\u00e9r\u00eat tout relatif dans une perspective narrative ou rabbinique mais peut r\u00e9pondre au d\u00e9sir de rationalit\u00e9 de certains\u2026<\/li>\n<\/ul>\n<\/div>\n<\/div>\n","protected":false},"excerpt":{"rendered":"<p>Le service dioc\u00e9sain des relations avec le juda\u00efsme de Bayonne nous invite \u00e0 une s\u00e9rie de lectures en ligne \u201cEcritures en partage\u201d Premi\u00e8re conf\u00e9rence : 30 novembre 2020 Pr\u00e9sentation de Jean Kalman, son responsable : En 2015 Mgr Aillet, l\u2019\u00e9v\u00eaque de Bayonne, cr\u00e9ait un service dioc\u00e9sain pour les relations avec le juda\u00efsme et m\u2019en confiait &hellip; <a href=\"https:\/\/www.cirdic.fr\/index.php\/2020\/11\/24\/ecritures-en-partage-presentation\/\" class=\"more-link\">Continuer la lecture<span class=\"screen-reader-text\"> de &laquo;&nbsp;Ecritures en partage. Pr\u00e9sentation&nbsp;&raquo;<\/span><\/a><\/p>\n","protected":false},"author":2,"featured_media":0,"comment_status":"closed","ping_status":"closed","sticky":false,"template":"","format":"standard","meta":{"_jetpack_memberships_contains_paid_content":false,"footnotes":""},"categories":[24],"tags":[],"class_list":["post-3646","post","type-post","status-publish","format-standard","hentry","category-conferences"],"jetpack_featured_media_url":"","jetpack_sharing_enabled":true,"_links":{"self":[{"href":"https:\/\/www.cirdic.fr\/index.php\/wp-json\/wp\/v2\/posts\/3646","targetHints":{"allow":["GET"]}}],"collection":[{"href":"https:\/\/www.cirdic.fr\/index.php\/wp-json\/wp\/v2\/posts"}],"about":[{"href":"https:\/\/www.cirdic.fr\/index.php\/wp-json\/wp\/v2\/types\/post"}],"author":[{"embeddable":true,"href":"https:\/\/www.cirdic.fr\/index.php\/wp-json\/wp\/v2\/users\/2"}],"replies":[{"embeddable":true,"href":"https:\/\/www.cirdic.fr\/index.php\/wp-json\/wp\/v2\/comments?post=3646"}],"version-history":[{"count":0,"href":"https:\/\/www.cirdic.fr\/index.php\/wp-json\/wp\/v2\/posts\/3646\/revisions"}],"wp:attachment":[{"href":"https:\/\/www.cirdic.fr\/index.php\/wp-json\/wp\/v2\/media?parent=3646"}],"wp:term":[{"taxonomy":"category","embeddable":true,"href":"https:\/\/www.cirdic.fr\/index.php\/wp-json\/wp\/v2\/categories?post=3646"},{"taxonomy":"post_tag","embeddable":true,"href":"https:\/\/www.cirdic.fr\/index.php\/wp-json\/wp\/v2\/tags?post=3646"}],"curies":[{"name":"wp","href":"https:\/\/api.w.org\/{rel}","templated":true}]}}