{"id":3630,"date":"2020-06-18T18:50:18","date_gmt":"2020-06-18T16:50:18","guid":{"rendered":"http:\/\/www.cirdic.fr\/?p=3630"},"modified":"2020-06-18T18:50:18","modified_gmt":"2020-06-18T16:50:18","slug":"nostra-aetate-et-le-concile-ouvrit-la-voie-au-dialogue-entre-religions","status":"publish","type":"post","link":"https:\/\/www.cirdic.fr\/index.php\/2020\/06\/18\/nostra-aetate-et-le-concile-ouvrit-la-voie-au-dialogue-entre-religions\/","title":{"rendered":"Nostra Aetate: et le Concile ouvrit la voie au dialogue entre religions"},"content":{"rendered":"<div style=\"text-align: justify;\">\n<figure id=\"attachment_3631\" aria-describedby=\"caption-attachment-3631\" style=\"width: 150px\" class=\"wp-caption alignleft\"><a href=\"https:\/\/www.cirdic.fr\/wp-content\/uploads\/2020\/06\/640px-Vatican_2a.jpg\"><img loading=\"lazy\" decoding=\"async\" class=\"size-thumbnail wp-image-3631\" src=\"https:\/\/www.cirdic.fr\/wp-content\/uploads\/2020\/06\/640px-Vatican_2a-150x150.jpg\" alt=\"\" width=\"150\" height=\"150\" \/><\/a><figcaption id=\"caption-attachment-3631\" class=\"wp-caption-text\">Vatican II<\/figcaption><\/figure>\n<p>Vatican News. <b>Andrea Tornielli \u2013 Cit\u00e9 du Vatican<\/b>, 16 juin 2020<br \/>\n\u00ab\u00a0Les ann\u00e9es pass\u00e9es, l\u2019on se confrontait sur l\u2019interpr\u00e9tation des textes. Aujourd\u2019hui sont mis en discussion les textes m\u00eames de Vatican II. Rappelons comment est n\u00e9e la d\u00e9claration conciliaire qui a marqu\u00e9 l&rsquo;histoire de l&rsquo;\u00c9glise.\u00a0\u00bb <a href=\"https:\/\/www.vaticannews.va\/fr\/vatican\/news\/2020-06\/nostra-aetate-et-le-concile-ouvrit-la-voie-au-dialogue-entre-re.html\" target=\"_blank\" rel=\"noopener noreferrer\">Suite de l&rsquo;article sur Vatican News<\/a><\/p>\n<\/div>\n<div><\/div>\n","protected":false},"excerpt":{"rendered":"<p>Vatican News. Andrea Tornielli \u2013 Cit\u00e9 du Vatican, 16 juin 2020 \u00ab\u00a0Les ann\u00e9es pass\u00e9es, l\u2019on se confrontait sur l\u2019interpr\u00e9tation des textes. Aujourd\u2019hui sont mis en discussion les textes m\u00eames de Vatican II. Rappelons comment est n\u00e9e la d\u00e9claration conciliaire qui a marqu\u00e9 l&rsquo;histoire de l&rsquo;\u00c9glise.\u00a0\u00bb Suite de l&rsquo;article sur Vatican News<\/p>\n","protected":false},"author":2,"featured_media":0,"comment_status":"closed","ping_status":"closed","sticky":false,"template":"","format":"standard","meta":{"_jetpack_memberships_contains_paid_content":false,"footnotes":""},"categories":[7],"tags":[],"class_list":["post-3630","post","type-post","status-publish","format-standard","hentry","category-egliseetjudaisme"],"jetpack_featured_media_url":"","jetpack_sharing_enabled":true,"_links":{"self":[{"href":"https:\/\/www.cirdic.fr\/index.php\/wp-json\/wp\/v2\/posts\/3630","targetHints":{"allow":["GET"]}}],"collection":[{"href":"https:\/\/www.cirdic.fr\/index.php\/wp-json\/wp\/v2\/posts"}],"about":[{"href":"https:\/\/www.cirdic.fr\/index.php\/wp-json\/wp\/v2\/types\/post"}],"author":[{"embeddable":true,"href":"https:\/\/www.cirdic.fr\/index.php\/wp-json\/wp\/v2\/users\/2"}],"replies":[{"embeddable":true,"href":"https:\/\/www.cirdic.fr\/index.php\/wp-json\/wp\/v2\/comments?post=3630"}],"version-history":[{"count":0,"href":"https:\/\/www.cirdic.fr\/index.php\/wp-json\/wp\/v2\/posts\/3630\/revisions"}],"wp:attachment":[{"href":"https:\/\/www.cirdic.fr\/index.php\/wp-json\/wp\/v2\/media?parent=3630"}],"wp:term":[{"taxonomy":"category","embeddable":true,"href":"https:\/\/www.cirdic.fr\/index.php\/wp-json\/wp\/v2\/categories?post=3630"},{"taxonomy":"post_tag","embeddable":true,"href":"https:\/\/www.cirdic.fr\/index.php\/wp-json\/wp\/v2\/tags?post=3630"}],"curies":[{"name":"wp","href":"https:\/\/api.w.org\/{rel}","templated":true}]}}