{"id":3627,"date":"2020-06-12T19:36:29","date_gmt":"2020-06-12T17:36:29","guid":{"rendered":"http:\/\/www.cirdic.fr\/?p=3627"},"modified":"2023-04-21T14:36:56","modified_gmt":"2023-04-21T12:36:56","slug":"le-dernier-juif-deurope","status":"publish","type":"post","link":"https:\/\/www.cirdic.fr\/index.php\/2020\/06\/12\/le-dernier-juif-deurope\/","title":{"rendered":"Le dernier juif d&rsquo;Europe"},"content":{"rendered":"<p style=\"text-align: justify;\"><img loading=\"lazy\" decoding=\"async\" class=\"alignleft wp-image-3628 size-thumbnail\" src=\"https:\/\/www.cirdic.fr\/wp-content\/uploads\/2020\/06\/le-dernier-juif-deurope_j-sfarr_9782226438744-scaled-1-150x150.jpg\" alt=\"\" width=\"150\" height=\"150\" \/><em>Sfar, Johan<br \/>\n<\/em>Albin Michel, 2020<br \/>\n9782226438744<em><br \/>\n<\/em><\/p>\n<p style=\"text-align: justify;\">\u00ab Je ne me doutais pas que l\u2019histoire de mon p\u00e8re me m\u00e8nerait \u00e0 faire \u00e9quipe avec Ionas, un vampire centenaire et amoureux, Rebecka, sa copine psy divorc\u00e9e d\u2019un fant\u00f4me, et une rabbine. Mais quand c\u2019est arriv\u00e9, j\u2019ai trouv\u00e9 \u00e7a normal. Presque.<br \/>\nCes pages racontent aussi comment mon p\u00e8re a tent\u00e9 de ne plus \u00eatre juif, et comment, avec tout ce que l\u2019on me mettait sur le dos, j\u2019ai eu le sentiment d\u2019\u00eatre le dernier juif d\u2019Europe. \u00bb<!--more--><strong>Joann Sfar<\/strong> ressuscite le fantastique et l\u2019humour d\u00e9sesp\u00e9r\u00e9s de Kafka ou de Malamud dans cette fable o\u00f9 les monstres offrent un miroir hyperr\u00e9aliste \u00e0 la singerie moderne. <a href=\"https:\/\/www.albin-michel.fr\/ouvrages\/le-dernier-juif-deurope-9782226438744\" target=\"_blank\" rel=\"noopener noreferrer\">Pr\u00e9sentation de l&rsquo;\u00e9diteur<\/a><\/p>\n<p style=\"text-align: justify;\">Ce livre est le cri d&rsquo;un Juif d&rsquo;aujourd&rsquo;hui contre l&rsquo;antis\u00e9mitisme d&rsquo;aujourd&rsquo;hui, juin 2020. La forme est surprenante (pour moi) : fant\u00f4mes, vampires&#8230; Le langage est tr\u00e8s contemporain. La vision est d&rsquo;une justesse qui donne des frissons. (A.M. Cirdic)<\/p>\n<p>Sur le site du Monde, le 27 f\u00e9vrier 2020 : <a href=\"https:\/\/www.lemonde.fr\/livres\/article\/2020\/02\/27\/joann-sfar-l-antisemitisme-est-un-vecteur-de-haine-consensuel_6030980_3260.html\" target=\"_blank\" rel=\"noopener noreferrer\">Joann Sfar\u00a0: \u00ab\u00a0L\u2019antis\u00e9mitisme est un vecteur de haine consensuel\u00a0\u00bb<\/a><\/p>\n<p style=\"text-align: justify;\">\n","protected":false},"excerpt":{"rendered":"<p>Sfar, Johan Albin Michel, 2020 9782226438744 \u00ab Je ne me doutais pas que l\u2019histoire de mon p\u00e8re me m\u00e8nerait \u00e0 faire \u00e9quipe avec Ionas, un vampire centenaire et amoureux, Rebecka, sa copine psy divorc\u00e9e d\u2019un fant\u00f4me, et une rabbine. Mais quand c\u2019est arriv\u00e9, j\u2019ai trouv\u00e9 \u00e7a normal. Presque. Ces pages racontent aussi comment mon p\u00e8re &hellip; <a href=\"https:\/\/www.cirdic.fr\/index.php\/2020\/06\/12\/le-dernier-juif-deurope\/\" class=\"more-link\">Continuer la lecture<span class=\"screen-reader-text\"> de &laquo;&nbsp;Le dernier juif d&rsquo;Europe&nbsp;&raquo;<\/span><\/a><\/p>\n","protected":false},"author":2,"featured_media":0,"comment_status":"closed","ping_status":"closed","sticky":false,"template":"","format":"standard","meta":{"_jetpack_memberships_contains_paid_content":false,"footnotes":""},"categories":[3],"tags":[],"class_list":["post-3627","post","type-post","status-publish","format-standard","hentry","category-livre"],"jetpack_featured_media_url":"","jetpack_sharing_enabled":true,"_links":{"self":[{"href":"https:\/\/www.cirdic.fr\/index.php\/wp-json\/wp\/v2\/posts\/3627","targetHints":{"allow":["GET"]}}],"collection":[{"href":"https:\/\/www.cirdic.fr\/index.php\/wp-json\/wp\/v2\/posts"}],"about":[{"href":"https:\/\/www.cirdic.fr\/index.php\/wp-json\/wp\/v2\/types\/post"}],"author":[{"embeddable":true,"href":"https:\/\/www.cirdic.fr\/index.php\/wp-json\/wp\/v2\/users\/2"}],"replies":[{"embeddable":true,"href":"https:\/\/www.cirdic.fr\/index.php\/wp-json\/wp\/v2\/comments?post=3627"}],"version-history":[{"count":2,"href":"https:\/\/www.cirdic.fr\/index.php\/wp-json\/wp\/v2\/posts\/3627\/revisions"}],"predecessor-version":[{"id":4162,"href":"https:\/\/www.cirdic.fr\/index.php\/wp-json\/wp\/v2\/posts\/3627\/revisions\/4162"}],"wp:attachment":[{"href":"https:\/\/www.cirdic.fr\/index.php\/wp-json\/wp\/v2\/media?parent=3627"}],"wp:term":[{"taxonomy":"category","embeddable":true,"href":"https:\/\/www.cirdic.fr\/index.php\/wp-json\/wp\/v2\/categories?post=3627"},{"taxonomy":"post_tag","embeddable":true,"href":"https:\/\/www.cirdic.fr\/index.php\/wp-json\/wp\/v2\/tags?post=3627"}],"curies":[{"name":"wp","href":"https:\/\/api.w.org\/{rel}","templated":true}]}}