{"id":3612,"date":"2020-05-28T16:46:09","date_gmt":"2020-05-28T14:46:09","guid":{"rendered":"http:\/\/www.cirdic.fr\/?p=3612"},"modified":"2023-04-21T14:39:37","modified_gmt":"2023-04-21T12:39:37","slug":"a-nos-adherents-nouvelles-de-deconfinement","status":"publish","type":"post","link":"https:\/\/www.cirdic.fr\/index.php\/2020\/05\/28\/a-nos-adherents-nouvelles-de-deconfinement\/","title":{"rendered":"A nos adh\u00e9rents : nouvelles de d\u00e9confinement"},"content":{"rendered":"<div dir=\"auto\" style=\"text-align: justify;\"><img loading=\"lazy\" decoding=\"async\" class=\"alignleft wp-image-3663 size-thumbnail\" src=\"https:\/\/www.cirdic.fr\/wp-content\/uploads\/2020\/11\/logo-CIRDIC-carre-fond-clair-couleur-150x150.jpg\" alt=\"\" width=\"150\" height=\"150\" srcset=\"https:\/\/www.cirdic.fr\/wp-content\/uploads\/2020\/11\/logo-CIRDIC-carre-fond-clair-couleur-150x150.jpg 150w, https:\/\/www.cirdic.fr\/wp-content\/uploads\/2020\/11\/logo-CIRDIC-carre-fond-clair-couleur.jpg 245w\" sizes=\"auto, (max-width: 150px) 85vw, 150px\" \/>Nous esp\u00e9rons que vous aurez travers\u00e9 cette p\u00e9riode boulevers\u00e9e sans trop de douleur et que vous \u00eates en bonne sant\u00e9. Merci \u00e0 tous ceux qui nous ont\u00a0 \u00e9crit.<\/div>\n<div dir=\"auto\" style=\"text-align: justify;\">L&rsquo;assembl\u00e9e g\u00e9n\u00e9rale du Cirdic est report\u00e9e sine die. Nous en d\u00e9terminerons les modalit\u00e9s au mois de septembre.<\/div>\n<div dir=\"auto\" style=\"text-align: justify;\">Des projets subsistent n\u00e9anmoins. Nous avons r\u00e9serv\u00e9 salles et chambres chez les Carmes d&rsquo;Avon, pr\u00e8s de Fontainebleau, du 7 au 9 mai 2021, pour un week-end sur le juda\u00efsme comme celui que le Cirdic a organis\u00e9 \u00e0 Blaru en 2019.<\/div>\n<div dir=\"auto\" style=\"text-align: justify;\">Nous travaillons sur un projet d&rsquo;introduction au juda\u00efsme dans le cadre d&rsquo;un \u00ab\u00a0parcours aleph\u00a0\u00bb.<\/div>\n<div dir=\"auto\" style=\"text-align: justify;\">Pour ce qui est de la biblioth\u00e8que, les premiers locaux envisag\u00e9s \u00e9taient trop petits et nous ne les avons pas pris. Nous continuons nos recherches et nous vous tiendrons inform\u00e9s.<\/div>\n<div dir=\"auto\" style=\"text-align: justify;\">En esp\u00e9rant vous revoir dans de bonnes conditions apr\u00e8s la rentr\u00e9e,<br \/>\ntoute l&rsquo;\u00e9quipe du CIRDIC<\/div>\n","protected":false},"excerpt":{"rendered":"<p>Nous esp\u00e9rons que vous aurez travers\u00e9 cette p\u00e9riode boulevers\u00e9e sans trop de douleur et que vous \u00eates en bonne sant\u00e9. Merci \u00e0 tous ceux qui nous ont\u00a0 \u00e9crit. L&rsquo;assembl\u00e9e g\u00e9n\u00e9rale du Cirdic est report\u00e9e sine die. Nous en d\u00e9terminerons les modalit\u00e9s au mois de septembre. Des projets subsistent n\u00e9anmoins. Nous avons r\u00e9serv\u00e9 salles et chambres &hellip; <a href=\"https:\/\/www.cirdic.fr\/index.php\/2020\/05\/28\/a-nos-adherents-nouvelles-de-deconfinement\/\" class=\"more-link\">Continuer la lecture<span class=\"screen-reader-text\"> de &laquo;&nbsp;A nos adh\u00e9rents : nouvelles de d\u00e9confinement&nbsp;&raquo;<\/span><\/a><\/p>\n","protected":false},"author":2,"featured_media":0,"comment_status":"closed","ping_status":"closed","sticky":false,"template":"","format":"standard","meta":{"_jetpack_memberships_contains_paid_content":false,"footnotes":""},"categories":[8],"tags":[],"class_list":["post-3612","post","type-post","status-publish","format-standard","hentry","category-vie-du-cirdic"],"jetpack_featured_media_url":"","jetpack_sharing_enabled":true,"_links":{"self":[{"href":"https:\/\/www.cirdic.fr\/index.php\/wp-json\/wp\/v2\/posts\/3612","targetHints":{"allow":["GET"]}}],"collection":[{"href":"https:\/\/www.cirdic.fr\/index.php\/wp-json\/wp\/v2\/posts"}],"about":[{"href":"https:\/\/www.cirdic.fr\/index.php\/wp-json\/wp\/v2\/types\/post"}],"author":[{"embeddable":true,"href":"https:\/\/www.cirdic.fr\/index.php\/wp-json\/wp\/v2\/users\/2"}],"replies":[{"embeddable":true,"href":"https:\/\/www.cirdic.fr\/index.php\/wp-json\/wp\/v2\/comments?post=3612"}],"version-history":[{"count":1,"href":"https:\/\/www.cirdic.fr\/index.php\/wp-json\/wp\/v2\/posts\/3612\/revisions"}],"predecessor-version":[{"id":4164,"href":"https:\/\/www.cirdic.fr\/index.php\/wp-json\/wp\/v2\/posts\/3612\/revisions\/4164"}],"wp:attachment":[{"href":"https:\/\/www.cirdic.fr\/index.php\/wp-json\/wp\/v2\/media?parent=3612"}],"wp:term":[{"taxonomy":"category","embeddable":true,"href":"https:\/\/www.cirdic.fr\/index.php\/wp-json\/wp\/v2\/categories?post=3612"},{"taxonomy":"post_tag","embeddable":true,"href":"https:\/\/www.cirdic.fr\/index.php\/wp-json\/wp\/v2\/tags?post=3612"}],"curies":[{"name":"wp","href":"https:\/\/api.w.org\/{rel}","templated":true}]}}