{"id":3598,"date":"2020-04-08T17:37:34","date_gmt":"2020-04-08T15:37:34","guid":{"rendered":"http:\/\/www.cirdic.fr\/?p=3598"},"modified":"2020-04-08T17:37:34","modified_gmt":"2020-04-08T15:37:34","slug":"cette-annee-nous-celebrerons-presque-ensemble-nos-fetes","status":"publish","type":"post","link":"https:\/\/www.cirdic.fr\/index.php\/2020\/04\/08\/cette-annee-nous-celebrerons-presque-ensemble-nos-fetes\/","title":{"rendered":"Cette ann\u00e9e nous c\u00e9l\u00e9brerons presque ensemble nos f\u00eates"},"content":{"rendered":"<figure id=\"attachment_1730\" aria-describedby=\"caption-attachment-1730\" style=\"width: 150px\" class=\"wp-caption alignleft\"><a href=\"https:\/\/www.cirdic.fr\/wp-content\/uploads\/2017\/04\/170410_rm_table-seder_800x600.jpg\"><img loading=\"lazy\" decoding=\"async\" class=\"size-thumbnail wp-image-1730\" src=\"https:\/\/www.cirdic.fr\/wp-content\/uploads\/2017\/04\/170410_rm_table-seder_800x600-150x150.jpg\" alt=\"\" width=\"150\" height=\"150\" \/><\/a><figcaption id=\"caption-attachment-1730\" class=\"wp-caption-text\">Pessah. Une table dress\u00e9e pour le Seder<\/figcaption><\/figure>\n<p style=\"text-align: justify;\"><span style=\"font-weight: 400;\">Cette ann\u00e9e nous c\u00e9l\u00e9brerons presque ensemble nos f\u00eates : Pessah du 8 avril au soir au 16 avril au soir, P\u00e2ques du 11 avril au soir au 12 pr\u00e9par\u00e9 par la semaine sainte.<br \/>\n<\/span><span style=\"font-weight: 400;\">En cette p\u00e9riode si particuli\u00e8re cette ann\u00e9e, parce que nous sommes \u00e9loign\u00e9s de nos familles et parce que nous sommes inquiets, nous esp\u00e9rons que chacun d&rsquo;entre vous se porte bien et qu\u2019aucun ne souffre d\u2019isolement.<\/span><!--more--><\/p>\n<p style=\"text-align: justify;\"><span style=\"font-weight: 400;\">Nous ne pourrons pas c\u00e9l\u00e9brer ces f\u00eates en famille et en communaut\u00e9 comme nous en avons l\u2019habitude. Comme l\u2019a dit le grand rabbin Korsia dans l\u2019\u00e9mission Berechit de dimanche, que cette p\u00e9riode de confinement nous aide \u00e0 prendre conscience de ce qui est vraiment important pour nous.<\/span><\/p>\n<p style=\"text-align: justify;\"><span style=\"font-weight: 400;\">Pendant ce temps suspendu, pour certains du moins, nous vous recommandons l\u2019\u00e9coute de nombreuses vid\u00e9os, courtes, passionnantes et tr\u00e8s faciles \u00e0 \u00e9couter sur vos t\u00e9l\u00e9phones portables.\u00a0<\/span><\/p>\n<p style=\"text-align: justify;\"><span style=\"font-weight: 400;\">Sur le site de l\u2019ULIF <\/span><a href=\"https:\/\/www.youtube.com\/watch?v=I-cO5gOVX68\"><span style=\"font-weight: 400;\">Pour suivre quotidiennement le rabbin Ph. Haddad<\/span><\/a><\/p>\n<p style=\"text-align: justify;\"><span style=\"font-weight: 400;\">Sur le site du MJLF <\/span><a href=\"https:\/\/www.mjlf.org\/fr\/news\/paroles-rabbiniques\"><span style=\"font-weight: 400;\">paroles rabbiniques<\/span><\/a><span style=\"font-weight: 400;\">. Notamment la #12 sp\u00e9ciale Pessa&rsquo;h.<\/span><\/p>\n<p style=\"text-align: justify;\"><span style=\"font-weight: 400;\">L\u2019\u00e9mission Berechit sur France2 <\/span><a href=\"https:\/\/www.facebook.com\/alorigineberechit\/videos\/980912375639966\/\"><span style=\"font-weight: 400;\">N\u00b0 sp\u00e9cial Pessah avec le grand rabbin de France Ha\u00efm Korsia<\/span><\/a><\/p>\n<p style=\"text-align: justify;\"><span style=\"font-weight: 400;\">Et bien s\u00fbr <\/span><a href=\"http:\/\/www.ajcf.fr\/\"><span style=\"font-weight: 400;\">www.ajcf.fr<\/span><\/a><span style=\"font-weight: 400;\">,\u00a0<\/span><span style=\"font-weight: 400;\"><a href=\"https:\/\/relationsjudaisme.catholique.fr\" target=\"_blank\" rel=\"noopener noreferrer\"> https:\/\/relationsjudaisme.catholique.fr<\/a>\/ et <\/span><a href=\"http:\/\/www.akadem.org\/\"><span style=\"font-weight: 400;\">www.akadem.org<\/span><\/a><span style=\"font-weight: 400;\"> pour s&rsquo;informer sur le juda\u00efsme.<\/span><\/p>\n<p style=\"text-align: justify;\"><span style=\"font-weight: 400;\">Et du c\u00f4t\u00e9 catholique, pour m\u00e9moire :<\/span><\/p>\n<p style=\"text-align: justify;\"><a href=\"https:\/\/www.ktotv.com\/\"><span style=\"font-weight: 400;\">https:\/\/www.ktotv.com<\/span><\/a><span style=\"font-weight: 400;\">,\u00a0<\/span><a href=\"https:\/\/fr.aleteia.org\/\"><span style=\"font-weight: 400;\">https:\/\/fr.aleteia.org<\/span><\/a><span style=\"font-weight: 400;\">,\u00a0<\/span><a href=\"http:\/\/paris.catholique.fr\/\"><span style=\"font-weight: 400;\">paris.catholique.fr<\/span><\/a><\/p>\n<p style=\"text-align: justify;\"><span style=\"font-weight: 400;\">Nous vous souhaitons une f\u00eate de P\u00e2ques aussi joyeuse que possible, de belles f\u00eates de Pessa&rsquo;h pour nos amis juifs, une bonne sant\u00e9 pour tous,<\/span><\/p>\n<p style=\"text-align: justify;\"><span style=\"font-weight: 400;\">Et vous adressons nos plus amicales pens\u00e9es,\u00a0<\/span><span style=\"font-weight: 400;\">Le conseil d\u2019administration du Cirdic<\/span><\/p>\n","protected":false},"excerpt":{"rendered":"<p>Cette ann\u00e9e nous c\u00e9l\u00e9brerons presque ensemble nos f\u00eates : Pessah du 8 avril au soir au 16 avril au soir, P\u00e2ques du 11 avril au soir au 12 pr\u00e9par\u00e9 par la semaine sainte. En cette p\u00e9riode si particuli\u00e8re cette ann\u00e9e, parce que nous sommes \u00e9loign\u00e9s de nos familles et parce que nous sommes inquiets, nous &hellip; <a href=\"https:\/\/www.cirdic.fr\/index.php\/2020\/04\/08\/cette-annee-nous-celebrerons-presque-ensemble-nos-fetes\/\" class=\"more-link\">Continuer la lecture<span class=\"screen-reader-text\"> de &laquo;&nbsp;Cette ann\u00e9e nous c\u00e9l\u00e9brerons presque ensemble nos f\u00eates&nbsp;&raquo;<\/span><\/a><\/p>\n","protected":false},"author":1,"featured_media":0,"comment_status":"closed","ping_status":"closed","sticky":false,"template":"","format":"standard","meta":{"_jetpack_memberships_contains_paid_content":false,"footnotes":""},"categories":[8],"tags":[],"class_list":["post-3598","post","type-post","status-publish","format-standard","hentry","category-vie-du-cirdic"],"jetpack_featured_media_url":"","jetpack_sharing_enabled":true,"_links":{"self":[{"href":"https:\/\/www.cirdic.fr\/index.php\/wp-json\/wp\/v2\/posts\/3598","targetHints":{"allow":["GET"]}}],"collection":[{"href":"https:\/\/www.cirdic.fr\/index.php\/wp-json\/wp\/v2\/posts"}],"about":[{"href":"https:\/\/www.cirdic.fr\/index.php\/wp-json\/wp\/v2\/types\/post"}],"author":[{"embeddable":true,"href":"https:\/\/www.cirdic.fr\/index.php\/wp-json\/wp\/v2\/users\/1"}],"replies":[{"embeddable":true,"href":"https:\/\/www.cirdic.fr\/index.php\/wp-json\/wp\/v2\/comments?post=3598"}],"version-history":[{"count":0,"href":"https:\/\/www.cirdic.fr\/index.php\/wp-json\/wp\/v2\/posts\/3598\/revisions"}],"wp:attachment":[{"href":"https:\/\/www.cirdic.fr\/index.php\/wp-json\/wp\/v2\/media?parent=3598"}],"wp:term":[{"taxonomy":"category","embeddable":true,"href":"https:\/\/www.cirdic.fr\/index.php\/wp-json\/wp\/v2\/categories?post=3598"},{"taxonomy":"post_tag","embeddable":true,"href":"https:\/\/www.cirdic.fr\/index.php\/wp-json\/wp\/v2\/tags?post=3598"}],"curies":[{"name":"wp","href":"https:\/\/api.w.org\/{rel}","templated":true}]}}