{"id":3584,"date":"2020-02-03T11:32:32","date_gmt":"2020-02-03T10:32:32","guid":{"rendered":"http:\/\/www.cirdic.fr\/?p=3584"},"modified":"2020-02-03T11:32:32","modified_gmt":"2020-02-03T10:32:32","slug":"les-relations-entre-juifs-et-chretiens-compendium","status":"publish","type":"post","link":"https:\/\/www.cirdic.fr\/index.php\/2020\/02\/03\/les-relations-entre-juifs-et-chretiens-compendium\/","title":{"rendered":"Les Relations entre Juifs et Chr\u00e9tiens. Compendium"},"content":{"rendered":"<p style=\"text-align: justify;\"><a href=\"https:\/\/www.cirdic.fr\/wp-content\/uploads\/2020\/02\/relations-entre-juifs-et-chretiens_compendium.jpg\"><img loading=\"lazy\" decoding=\"async\" class=\"size-medium wp-image-3572 alignleft\" src=\"https:\/\/www.cirdic.fr\/wp-content\/uploads\/2020\/02\/relations-entre-juifs-et-chretiens_compendium-193x300.jpg\" alt=\"\" width=\"193\" height=\"300\" srcset=\"https:\/\/www.cirdic.fr\/wp-content\/uploads\/2020\/02\/relations-entre-juifs-et-chretiens_compendium-193x300.jpg 193w, https:\/\/www.cirdic.fr\/wp-content\/uploads\/2020\/02\/relations-entre-juifs-et-chretiens_compendium.jpg 246w\" sizes=\"auto, (max-width: 193px) 85vw, 193px\" \/><\/a><em>Conf\u00e9rence des \u00e9v\u00eaques de France<br \/>\n<\/em>Pr\u00e9faces du <em>Grand Rabbin de France Ha\u00efm Korsia, <\/em>et du <em>cardinal Andr\u00e9 Vingt-Trois, archev\u00eaque \u00e9m\u00e9rite de Paris.<\/em><br \/>\nCerf, 2019<br \/>\n9782204133319<\/p>\n<p style=\"text-align: justify;\">Le dialogue entre Juifs et Chr\u00e9tiens est au c\u0153ur de la vie de l\u2019\u00c9glise depuis le concile Vatican II. Il est d\u2019une nature unique et nourrit par la Parole de Dieu. La France en est un lieu essentiel. Voici donc enfin rassembl\u00e9s, pr\u00e9sent\u00e9s et restitu\u00e9s dans leur contexte, tous les textes de r\u00e9f\u00e9rence de l\u2019\u00c9glise catholique relatifs aux relations avec le juda\u00efsme. On y trouvera les textes du magist\u00e8re romain et ceux \u00e9labor\u00e9s par l\u2019\u00c9glise de France sous l\u2019\u00e9gide du SNRJ (Service National pour les relations avec le Juda\u00efsme) ou directement par les \u00e9v\u00eaques. Cet ensemble est \u00e9largi aux \u00e9l\u00e9ments importants qui ont pr\u00e9c\u00e9d\u00e9 Vatican II, les dix points de Seelisberg et leur pr\u00e9paration avec les dix-huit points de Jules Isaac, et aux diff\u00e9rentes r\u00e9ponses de la communaut\u00e9 juive \u00e0 travers le monde. Une somme interreligieuse qui se lit comme un guide pour construire la fraternit\u00e9.(Source : <a href=\"https:\/\/www.editionsducerf.fr\/librairie\/livre\/18739\/les-relations-entre-juifs-et-chretiens-compendium\" target=\"_blank\" rel=\"noopener noreferrer\">Editions du Cerf<\/a>)<\/p>\n","protected":false},"excerpt":{"rendered":"<p>Conf\u00e9rence des \u00e9v\u00eaques de France Pr\u00e9faces du Grand Rabbin de France Ha\u00efm Korsia, et du cardinal Andr\u00e9 Vingt-Trois, archev\u00eaque \u00e9m\u00e9rite de Paris. Cerf, 2019 9782204133319 Le dialogue entre Juifs et Chr\u00e9tiens est au c\u0153ur de la vie de l\u2019\u00c9glise depuis le concile Vatican II. Il est d\u2019une nature unique et nourrit par la Parole de &hellip; <a href=\"https:\/\/www.cirdic.fr\/index.php\/2020\/02\/03\/les-relations-entre-juifs-et-chretiens-compendium\/\" class=\"more-link\">Continuer la lecture<span class=\"screen-reader-text\"> de &laquo;&nbsp;Les Relations entre Juifs et Chr\u00e9tiens. Compendium&nbsp;&raquo;<\/span><\/a><\/p>\n","protected":false},"author":2,"featured_media":0,"comment_status":"closed","ping_status":"closed","sticky":false,"template":"","format":"standard","meta":{"_jetpack_memberships_contains_paid_content":false,"footnotes":""},"categories":[3],"tags":[],"class_list":["post-3584","post","type-post","status-publish","format-standard","hentry","category-livre"],"jetpack_featured_media_url":"","jetpack_sharing_enabled":true,"_links":{"self":[{"href":"https:\/\/www.cirdic.fr\/index.php\/wp-json\/wp\/v2\/posts\/3584","targetHints":{"allow":["GET"]}}],"collection":[{"href":"https:\/\/www.cirdic.fr\/index.php\/wp-json\/wp\/v2\/posts"}],"about":[{"href":"https:\/\/www.cirdic.fr\/index.php\/wp-json\/wp\/v2\/types\/post"}],"author":[{"embeddable":true,"href":"https:\/\/www.cirdic.fr\/index.php\/wp-json\/wp\/v2\/users\/2"}],"replies":[{"embeddable":true,"href":"https:\/\/www.cirdic.fr\/index.php\/wp-json\/wp\/v2\/comments?post=3584"}],"version-history":[{"count":0,"href":"https:\/\/www.cirdic.fr\/index.php\/wp-json\/wp\/v2\/posts\/3584\/revisions"}],"wp:attachment":[{"href":"https:\/\/www.cirdic.fr\/index.php\/wp-json\/wp\/v2\/media?parent=3584"}],"wp:term":[{"taxonomy":"category","embeddable":true,"href":"https:\/\/www.cirdic.fr\/index.php\/wp-json\/wp\/v2\/categories?post=3584"},{"taxonomy":"post_tag","embeddable":true,"href":"https:\/\/www.cirdic.fr\/index.php\/wp-json\/wp\/v2\/tags?post=3584"}],"curies":[{"name":"wp","href":"https:\/\/api.w.org\/{rel}","templated":true}]}}