{"id":3576,"date":"2020-02-17T17:27:40","date_gmt":"2020-02-17T16:27:40","guid":{"rendered":"http:\/\/www.cirdic.fr\/?p=3576"},"modified":"2020-02-17T17:27:40","modified_gmt":"2020-02-17T16:27:40","slug":"re-decouvrir-les-fetes-de-pessah-et-de-paques-8-mars-2020","status":"publish","type":"post","link":"https:\/\/www.cirdic.fr\/index.php\/2020\/02\/17\/re-decouvrir-les-fetes-de-pessah-et-de-paques-8-mars-2020\/","title":{"rendered":"(Re) d\u00e9couvrir les f\u00eates de Pessah et de P\u00e2ques. 8 mars 2020"},"content":{"rendered":"<p style=\"text-align: justify;\"><a href=\"https:\/\/www.cirdic.fr\/wp-content\/uploads\/2020\/02\/800px-passover_Italo-Byzantinischer_Meister_002.jpg\" target=\"_blank\" rel=\"noopener noreferrer\"><img loading=\"lazy\" decoding=\"async\" class=\"wp-image-3578 size-medium alignleft\" src=\"https:\/\/www.cirdic.fr\/wp-content\/uploads\/2020\/02\/800px-passover_Italo-Byzantinischer_Meister_002-300x176.jpg\" alt=\"\" width=\"300\" height=\"176\" srcset=\"https:\/\/www.cirdic.fr\/wp-content\/uploads\/2020\/02\/800px-passover_Italo-Byzantinischer_Meister_002-300x176.jpg 300w, https:\/\/www.cirdic.fr\/wp-content\/uploads\/2020\/02\/800px-passover_Italo-Byzantinischer_Meister_002-768x449.jpg 768w, https:\/\/www.cirdic.fr\/wp-content\/uploads\/2020\/02\/800px-passover_Italo-Byzantinischer_Meister_002.jpg 800w\" sizes=\"auto, (max-width: 300px) 85vw, 300px\" \/><\/a><strong>Et si l&rsquo;on donnait du sens \u00e0 ce que l&rsquo;on transmet pour mieux en vivre ?<\/strong><\/p>\n<p style=\"text-align: justify;\">Une journ\u00e9e de formation et de rencontre (Intervenants juifs et chr\u00e9tiens) propos\u00e9e par le Service Dioc\u00e9sain pour les Relations avec le Juda\u00efsme des Yvelines.<\/p>\n<p style=\"text-align: justify;\"><strong>Dimanche 8 mars 2020<\/strong>. De 9H30 \u00c0 16H30 au Centre Jean 23, 8 Avenue Dutartre 78150 Le Chesnay<!--more--><strong>R\u00e9servation en ligne sur :<\/strong><br \/>\n<a href=\"https:\/\/www.catholique78.fr\/evenement\/transmettre-la-foi-en-redecouvrant-la-fete-de-pessah-paques\/\" target=\"_blank\" rel=\"noopener noreferrer\">https:\/\/www.catholique78.fr\/evenement\/transmettre-la-foi-en-redecouvrant-la-fete-de-pessah-paques\/<\/a><\/p>\n<p style=\"text-align: justify;\"><strong>Inscriptions et renseignements :<\/strong><br \/>\n<a href=\"mailto:aude.delamotte@catholique78.fr\">aude.delamotte@catholique78.fr<\/a> &#8211; 0678074235<\/p>\n<p style=\"text-align: justify;\">Flyer <a href=\"https:\/\/www.cirdic.fr\/wp-content\/uploads\/2020\/02\/Re-d\u00e9couvrir-les-f\u00eates-de-P\u00e2ques-et-Pessah_Dimanche-8-mars-2020.pdf\">\u00e0 t\u00e9l\u00e9charger en .pdf<\/a><\/p>\n","protected":false},"excerpt":{"rendered":"<p>Et si l&rsquo;on donnait du sens \u00e0 ce que l&rsquo;on transmet pour mieux en vivre ? Une journ\u00e9e de formation et de rencontre (Intervenants juifs et chr\u00e9tiens) propos\u00e9e par le Service Dioc\u00e9sain pour les Relations avec le Juda\u00efsme des Yvelines. Dimanche 8 mars 2020. De 9H30 \u00c0 16H30 au Centre Jean 23, 8 Avenue Dutartre &hellip; <a href=\"https:\/\/www.cirdic.fr\/index.php\/2020\/02\/17\/re-decouvrir-les-fetes-de-pessah-et-de-paques-8-mars-2020\/\" class=\"more-link\">Continuer la lecture<span class=\"screen-reader-text\"> de &laquo;&nbsp;(Re) d\u00e9couvrir les f\u00eates de Pessah et de P\u00e2ques. 8 mars 2020&nbsp;&raquo;<\/span><\/a><\/p>\n","protected":false},"author":2,"featured_media":0,"comment_status":"closed","ping_status":"closed","sticky":false,"template":"","format":"standard","meta":{"_jetpack_memberships_contains_paid_content":false,"footnotes":""},"categories":[19],"tags":[],"class_list":["post-3576","post","type-post","status-publish","format-standard","hentry","category-sessions-we"],"jetpack_featured_media_url":"","jetpack_sharing_enabled":true,"_links":{"self":[{"href":"https:\/\/www.cirdic.fr\/index.php\/wp-json\/wp\/v2\/posts\/3576","targetHints":{"allow":["GET"]}}],"collection":[{"href":"https:\/\/www.cirdic.fr\/index.php\/wp-json\/wp\/v2\/posts"}],"about":[{"href":"https:\/\/www.cirdic.fr\/index.php\/wp-json\/wp\/v2\/types\/post"}],"author":[{"embeddable":true,"href":"https:\/\/www.cirdic.fr\/index.php\/wp-json\/wp\/v2\/users\/2"}],"replies":[{"embeddable":true,"href":"https:\/\/www.cirdic.fr\/index.php\/wp-json\/wp\/v2\/comments?post=3576"}],"version-history":[{"count":0,"href":"https:\/\/www.cirdic.fr\/index.php\/wp-json\/wp\/v2\/posts\/3576\/revisions"}],"wp:attachment":[{"href":"https:\/\/www.cirdic.fr\/index.php\/wp-json\/wp\/v2\/media?parent=3576"}],"wp:term":[{"taxonomy":"category","embeddable":true,"href":"https:\/\/www.cirdic.fr\/index.php\/wp-json\/wp\/v2\/categories?post=3576"},{"taxonomy":"post_tag","embeddable":true,"href":"https:\/\/www.cirdic.fr\/index.php\/wp-json\/wp\/v2\/tags?post=3576"}],"curies":[{"name":"wp","href":"https:\/\/api.w.org\/{rel}","templated":true}]}}