{"id":3547,"date":"2019-12-17T20:12:46","date_gmt":"2019-12-17T19:12:46","guid":{"rendered":"http:\/\/www.cirdic.fr\/?p=3547"},"modified":"2019-12-17T20:12:46","modified_gmt":"2019-12-17T19:12:46","slug":"mars-2020-ouverture-des-archives-du-pontificat-de-pie-xii","status":"publish","type":"post","link":"https:\/\/www.cirdic.fr\/index.php\/2019\/12\/17\/mars-2020-ouverture-des-archives-du-pontificat-de-pie-xii\/","title":{"rendered":"Mars 2020. Ouverture des archives du pontificat de Pie XII"},"content":{"rendered":"<figure id=\"attachment_3548\" aria-describedby=\"caption-attachment-3548\" style=\"width: 150px\" class=\"wp-caption alignleft\"><a href=\"https:\/\/www.cirdic.fr\/wp-content\/uploads\/2019\/12\/Interiors_of_Vatican_Secret_Archives.jpg\"><img loading=\"lazy\" decoding=\"async\" class=\"size-thumbnail wp-image-3548\" src=\"https:\/\/www.cirdic.fr\/wp-content\/uploads\/2019\/12\/Interiors_of_Vatican_Secret_Archives-150x150.jpg\" alt=\"\" width=\"150\" height=\"150\" \/><\/a><figcaption id=\"caption-attachment-3548\" class=\"wp-caption-text\">Corridoio e scaffali all&rsquo;interno dell&rsquo;Archivio segreto vaticano. 24\/04\/2015. Video of Vatican Television Center.<\/figcaption><\/figure>\n<p style=\"text-align: justify;\">Gr\u00e2ce \u00e0 l&rsquo;article d&rsquo;Yves Chevalier dans le num\u00e9ro 427 (11-12 2019) de la revue SENS de l&rsquo;AJCF, qui nous rappelle que les archives secr\u00e8te vaticanes du pontificat de Pie XII seront ouvertes \u00e0 la consultation des chercheurs le 2 mars 2020, vous trouverez ci-dessous le lien vers le<br \/>\n<a href=\"http:\/\/w2.vatican.va\/content\/francesco\/fr\/speeches\/2019\/march\/documents\/papa-francesco_20190304_archivio-segretovaticano.html\" target=\"_blank\" rel=\"noopener noreferrer\">discours du pape Fran\u00e7ois aux responsables et au personnel des archives du Vatican du 4 mars 2019<\/a><\/p>\n<p style=\"text-align: justify;\"><em>\u00ab\u00a0L\u2019Eglise n\u2019a pas peur de l\u2019histoire, au contraire elle l\u2019aime, et elle voudrait l\u2019aimer davantage et mieux, comme Dieu l\u2019aime ! Ainsi, avec la m\u00eame confiance que celle de mes pr\u00e9d\u00e9cesseurs, j\u2019ouvre et je confie aux chercheurs ce patrimoine documentaire.\u00a0\u00bb <\/em>Pape Fran\u00e7ois, 04\/03\/2019<em><br \/>\n<\/em><\/p>\n","protected":false},"excerpt":{"rendered":"<p>Gr\u00e2ce \u00e0 l&rsquo;article d&rsquo;Yves Chevalier dans le num\u00e9ro 427 (11-12 2019) de la revue SENS de l&rsquo;AJCF, qui nous rappelle que les archives secr\u00e8te vaticanes du pontificat de Pie XII seront ouvertes \u00e0 la consultation des chercheurs le 2 mars 2020, vous trouverez ci-dessous le lien vers le discours du pape Fran\u00e7ois aux responsables et &hellip; <a href=\"https:\/\/www.cirdic.fr\/index.php\/2019\/12\/17\/mars-2020-ouverture-des-archives-du-pontificat-de-pie-xii\/\" class=\"more-link\">Continuer la lecture<span class=\"screen-reader-text\"> de &laquo;&nbsp;Mars 2020. Ouverture des archives du pontificat de Pie XII&nbsp;&raquo;<\/span><\/a><\/p>\n","protected":false},"author":2,"featured_media":0,"comment_status":"closed","ping_status":"closed","sticky":false,"template":"","format":"standard","meta":{"_jetpack_memberships_contains_paid_content":false,"footnotes":""},"categories":[15,13],"tags":[],"class_list":["post-3547","post","type-post","status-publish","format-standard","hentry","category-histoire","category-shoah"],"jetpack_featured_media_url":"","jetpack_sharing_enabled":true,"_links":{"self":[{"href":"https:\/\/www.cirdic.fr\/index.php\/wp-json\/wp\/v2\/posts\/3547","targetHints":{"allow":["GET"]}}],"collection":[{"href":"https:\/\/www.cirdic.fr\/index.php\/wp-json\/wp\/v2\/posts"}],"about":[{"href":"https:\/\/www.cirdic.fr\/index.php\/wp-json\/wp\/v2\/types\/post"}],"author":[{"embeddable":true,"href":"https:\/\/www.cirdic.fr\/index.php\/wp-json\/wp\/v2\/users\/2"}],"replies":[{"embeddable":true,"href":"https:\/\/www.cirdic.fr\/index.php\/wp-json\/wp\/v2\/comments?post=3547"}],"version-history":[{"count":0,"href":"https:\/\/www.cirdic.fr\/index.php\/wp-json\/wp\/v2\/posts\/3547\/revisions"}],"wp:attachment":[{"href":"https:\/\/www.cirdic.fr\/index.php\/wp-json\/wp\/v2\/media?parent=3547"}],"wp:term":[{"taxonomy":"category","embeddable":true,"href":"https:\/\/www.cirdic.fr\/index.php\/wp-json\/wp\/v2\/categories?post=3547"},{"taxonomy":"post_tag","embeddable":true,"href":"https:\/\/www.cirdic.fr\/index.php\/wp-json\/wp\/v2\/tags?post=3547"}],"curies":[{"name":"wp","href":"https:\/\/api.w.org\/{rel}","templated":true}]}}