{"id":3537,"date":"2019-12-17T19:01:03","date_gmt":"2019-12-17T18:01:03","guid":{"rendered":"http:\/\/www.cirdic.fr\/?p=3537"},"modified":"2019-12-17T19:01:03","modified_gmt":"2019-12-17T18:01:03","slug":"juifs-et-chretiens-les-promesses-dun-dialogue","status":"publish","type":"post","link":"https:\/\/www.cirdic.fr\/index.php\/2019\/12\/17\/juifs-et-chretiens-les-promesses-dun-dialogue\/","title":{"rendered":"Juifs et chr\u00e9tiens, les promesses d&rsquo;un dialogue"},"content":{"rendered":"<p style=\"text-align: justify;\"><a href=\"https:\/\/www.cirdic.fr\/wp-content\/uploads\/2019\/12\/juifs-et-chretiens-promesses-dialogue_9782204127783.jpg\"><img loading=\"lazy\" decoding=\"async\" class=\"size-medium wp-image-3538 alignleft\" src=\"https:\/\/www.cirdic.fr\/wp-content\/uploads\/2019\/12\/juifs-et-chretiens-promesses-dialogue_9782204127783-193x300.jpg\" alt=\"\" width=\"193\" height=\"300\" srcset=\"https:\/\/www.cirdic.fr\/wp-content\/uploads\/2019\/12\/juifs-et-chretiens-promesses-dialogue_9782204127783-193x300.jpg 193w, https:\/\/www.cirdic.fr\/wp-content\/uploads\/2019\/12\/juifs-et-chretiens-promesses-dialogue_9782204127783.jpg 246w\" sizes=\"auto, (max-width: 193px) 85vw, 193px\" \/><\/a><em>Marciano, Raphy<\/em><br \/>\nCerf, 2019<br \/>\n9782204127783<\/p>\n<div class=\"desc\">\n<p style=\"text-align: justify;\">Qu\u2019est-ce qui unit les Juifs et les Chr\u00e9tiens ? Qu\u2019est-ce qui les s\u00e9pare ? Et ce qui les s\u00e9pare les oppose-t-il ?<br \/>\nC\u2019est \u00e0 ces questions fondamentales, entre spiritualit\u00e9 et humanisme, que r\u00e9pond Raphy Marciano, qui dirigea pendant longtemps l\u2019Institut universitaire Elie Wiesel. Nourri par plus de quarante ans de rencontres, Marciano pr\u00e9sente ainsi aux lecteurs sa vision d\u2019un dialogue moderne, impossible mais n\u00e9cessaire. Il nous offre sa propre lecture de l\u2019histoire juive, pass\u00e9e et contemporaine, tout en commentant finement Nostra \u00c6tate \u2013 la d\u00e9claration du concile Vatican II sur les relations de l\u2019\u00c9glise catholique avec les religions non chr\u00e9tiennes.<br \/>\nPr\u00e9face posthume de Elie Wiesel<br \/>\n<a href=\"https:\/\/www.editionsducerf.fr\/librairie\/livre\/18721\/juifs-et-chretiens-les-promesses-d-un-dialogue\" target=\"_blank\" rel=\"noopener noreferrer\">Plus d&rsquo;informations sur le site de l&rsquo;\u00e9diteur<\/a><\/p>\n<\/div>\n","protected":false},"excerpt":{"rendered":"<p>Marciano, Raphy Cerf, 2019 9782204127783 Qu\u2019est-ce qui unit les Juifs et les Chr\u00e9tiens ? Qu\u2019est-ce qui les s\u00e9pare ? Et ce qui les s\u00e9pare les oppose-t-il ? C\u2019est \u00e0 ces questions fondamentales, entre spiritualit\u00e9 et humanisme, que r\u00e9pond Raphy Marciano, qui dirigea pendant longtemps l\u2019Institut universitaire Elie Wiesel. Nourri par plus de quarante ans de &hellip; <a href=\"https:\/\/www.cirdic.fr\/index.php\/2019\/12\/17\/juifs-et-chretiens-les-promesses-dun-dialogue\/\" class=\"more-link\">Continuer la lecture<span class=\"screen-reader-text\"> de &laquo;&nbsp;Juifs et chr\u00e9tiens, les promesses d&rsquo;un dialogue&nbsp;&raquo;<\/span><\/a><\/p>\n","protected":false},"author":2,"featured_media":0,"comment_status":"closed","ping_status":"closed","sticky":false,"template":"","format":"standard","meta":{"_jetpack_memberships_contains_paid_content":false,"footnotes":""},"categories":[3],"tags":[],"class_list":["post-3537","post","type-post","status-publish","format-standard","hentry","category-livre"],"jetpack_featured_media_url":"","jetpack_sharing_enabled":true,"_links":{"self":[{"href":"https:\/\/www.cirdic.fr\/index.php\/wp-json\/wp\/v2\/posts\/3537","targetHints":{"allow":["GET"]}}],"collection":[{"href":"https:\/\/www.cirdic.fr\/index.php\/wp-json\/wp\/v2\/posts"}],"about":[{"href":"https:\/\/www.cirdic.fr\/index.php\/wp-json\/wp\/v2\/types\/post"}],"author":[{"embeddable":true,"href":"https:\/\/www.cirdic.fr\/index.php\/wp-json\/wp\/v2\/users\/2"}],"replies":[{"embeddable":true,"href":"https:\/\/www.cirdic.fr\/index.php\/wp-json\/wp\/v2\/comments?post=3537"}],"version-history":[{"count":0,"href":"https:\/\/www.cirdic.fr\/index.php\/wp-json\/wp\/v2\/posts\/3537\/revisions"}],"wp:attachment":[{"href":"https:\/\/www.cirdic.fr\/index.php\/wp-json\/wp\/v2\/media?parent=3537"}],"wp:term":[{"taxonomy":"category","embeddable":true,"href":"https:\/\/www.cirdic.fr\/index.php\/wp-json\/wp\/v2\/categories?post=3537"},{"taxonomy":"post_tag","embeddable":true,"href":"https:\/\/www.cirdic.fr\/index.php\/wp-json\/wp\/v2\/tags?post=3537"}],"curies":[{"name":"wp","href":"https:\/\/api.w.org\/{rel}","templated":true}]}}