{"id":3530,"date":"2019-12-17T18:08:18","date_gmt":"2019-12-17T17:08:18","guid":{"rendered":"http:\/\/www.cirdic.fr\/?p=3530"},"modified":"2019-12-17T18:08:18","modified_gmt":"2019-12-17T17:08:18","slug":"15-17-mai-2020-we-decouvrir-le-judaisme","status":"publish","type":"post","link":"https:\/\/www.cirdic.fr\/index.php\/2019\/12\/17\/15-17-mai-2020-we-decouvrir-le-judaisme\/","title":{"rendered":"15-17 mai 2020. WE D\u00e9couvrir le juda\u00efsme"},"content":{"rendered":"<p style=\"text-align: justify;\"><a href=\"https:\/\/www.cirdic.fr\/wp-content\/uploads\/2019\/12\/200515_WE-decouverte-judaisme-la-sallette.jpg\"><img loading=\"lazy\" decoding=\"async\" class=\"size-medium wp-image-3531 alignleft\" src=\"https:\/\/www.cirdic.fr\/wp-content\/uploads\/2019\/12\/200515_WE-decouverte-judaisme-la-sallette-300x179.jpg\" alt=\"\" width=\"300\" height=\"179\" srcset=\"https:\/\/www.cirdic.fr\/wp-content\/uploads\/2019\/12\/200515_WE-decouverte-judaisme-la-sallette-300x179.jpg 300w, https:\/\/www.cirdic.fr\/wp-content\/uploads\/2019\/12\/200515_WE-decouverte-judaisme-la-sallette-768x459.jpg 768w, https:\/\/www.cirdic.fr\/wp-content\/uploads\/2019\/12\/200515_WE-decouverte-judaisme-la-sallette.jpg 800w\" sizes=\"auto, (max-width: 300px) 85vw, 300px\" \/><\/a>Trois jours, du 15 au 17 mai 2020 pour d\u00e9couvrir ou mieux conna\u00eetre le\u00a0 juda\u00efsme, au sanctuaire de la Salette (Is\u00e8re).<br \/>\nDes conf\u00e9rences, de la musique, des contes, des ateliers, un repas de shabbat, du vendredi 19h au dimanche 16h.<br \/>\nUne vingtaine d&rsquo;intervenants, rabbins, pr\u00eatres, pasteurs, la\u00efcs juifs ou chr\u00e9tiens.<br \/>\nCette session est organis\u00e9e par des chr\u00e9tiens de diff\u00e9rentes confessions du Sud-Est, par l&rsquo;Association Isa\u00efe (Grenoble) avec la participation du CIRDIC.<!--more--><br \/>\nTout le programme, les infos sur les bus propos\u00e9s, les tarifs forfaitaires et les inscriptions \u00e0 d\u00e9couvrir sur le site :<br \/>\n<a href=\"https:\/\/israelsalette.wordpress.com\" target=\"_blank\" rel=\"noopener noreferrer\">https:\/\/israelsalette.wordpress.com<\/a><br \/>\nN&rsquo;h\u00e9sitez pas \u00e0 vous inscrire ou \u00e0 inviter autour de vous.<\/p>\n<p style=\"text-align: justify;\">Un tarif sp\u00e9cial Jeunes 18-25 ans.\/ Etudiants \/ Ch\u00f4meurs est propos\u00e9 : incluant h\u00e9bergement en dortoir en pension compl\u00e8te, la session avec les conf\u00e9rences et une place de bus au d\u00e9part de Lyon, Grenoble, Marseille ou Toulon: 50 euros \/ tout compris<br \/>\nPour d&rsquo;autres renseignements, merci de nous contacter.<br \/>\nT\u00e9l : 07.49.12.35.15<br \/>\nMail : <a href=\"mailto:lasalettejudaisme@gmail.com\" target=\"_blank\" rel=\"noopener noreferrer\">lasalettejudaisme@gmail.com<\/a><\/p>\n","protected":false},"excerpt":{"rendered":"<p>Trois jours, du 15 au 17 mai 2020 pour d\u00e9couvrir ou mieux conna\u00eetre le\u00a0 juda\u00efsme, au sanctuaire de la Salette (Is\u00e8re). Des conf\u00e9rences, de la musique, des contes, des ateliers, un repas de shabbat, du vendredi 19h au dimanche 16h. Une vingtaine d&rsquo;intervenants, rabbins, pr\u00eatres, pasteurs, la\u00efcs juifs ou chr\u00e9tiens. Cette session est organis\u00e9e par &hellip; <a href=\"https:\/\/www.cirdic.fr\/index.php\/2019\/12\/17\/15-17-mai-2020-we-decouvrir-le-judaisme\/\" class=\"more-link\">Continuer la lecture<span class=\"screen-reader-text\"> de &laquo;&nbsp;15-17 mai 2020. WE D\u00e9couvrir le juda\u00efsme&nbsp;&raquo;<\/span><\/a><\/p>\n","protected":false},"author":2,"featured_media":0,"comment_status":"closed","ping_status":"closed","sticky":false,"template":"","format":"standard","meta":{"_jetpack_memberships_contains_paid_content":false,"footnotes":""},"categories":[19],"tags":[],"class_list":["post-3530","post","type-post","status-publish","format-standard","hentry","category-sessions-we"],"jetpack_featured_media_url":"","jetpack_sharing_enabled":true,"_links":{"self":[{"href":"https:\/\/www.cirdic.fr\/index.php\/wp-json\/wp\/v2\/posts\/3530","targetHints":{"allow":["GET"]}}],"collection":[{"href":"https:\/\/www.cirdic.fr\/index.php\/wp-json\/wp\/v2\/posts"}],"about":[{"href":"https:\/\/www.cirdic.fr\/index.php\/wp-json\/wp\/v2\/types\/post"}],"author":[{"embeddable":true,"href":"https:\/\/www.cirdic.fr\/index.php\/wp-json\/wp\/v2\/users\/2"}],"replies":[{"embeddable":true,"href":"https:\/\/www.cirdic.fr\/index.php\/wp-json\/wp\/v2\/comments?post=3530"}],"version-history":[{"count":0,"href":"https:\/\/www.cirdic.fr\/index.php\/wp-json\/wp\/v2\/posts\/3530\/revisions"}],"wp:attachment":[{"href":"https:\/\/www.cirdic.fr\/index.php\/wp-json\/wp\/v2\/media?parent=3530"}],"wp:term":[{"taxonomy":"category","embeddable":true,"href":"https:\/\/www.cirdic.fr\/index.php\/wp-json\/wp\/v2\/categories?post=3530"},{"taxonomy":"post_tag","embeddable":true,"href":"https:\/\/www.cirdic.fr\/index.php\/wp-json\/wp\/v2\/tags?post=3530"}],"curies":[{"name":"wp","href":"https:\/\/api.w.org\/{rel}","templated":true}]}}