{"id":3520,"date":"2019-10-27T19:42:46","date_gmt":"2019-10-27T18:42:46","guid":{"rendered":"http:\/\/www.cirdic.fr\/?p=3520"},"modified":"2019-10-27T19:42:46","modified_gmt":"2019-10-27T18:42:46","slug":"les-propositions-du-centre-chretien-detudes-juives-du-college-des-bernardins","status":"publish","type":"post","link":"https:\/\/www.cirdic.fr\/index.php\/2019\/10\/27\/les-propositions-du-centre-chretien-detudes-juives-du-college-des-bernardins\/","title":{"rendered":"CCDEJ, 1er semestre 2019\/2020"},"content":{"rendered":"<p><a href=\"https:\/\/www.cirdic.fr\/wp-content\/uploads\/2017\/03\/bernardins_logo_150x150.jpg\"><img loading=\"lazy\" decoding=\"async\" class=\"wp-image-1496 size-full alignleft\" src=\"https:\/\/www.cirdic.fr\/wp-content\/uploads\/2017\/03\/bernardins_logo_150x150.jpg\" alt=\"Coll\u00e8ge des Bernardins. Paris\" width=\"148\" height=\"149\" \/><\/a>Les propositions du Centre Chr\u00e9tien d&rsquo;Etudes Juives du Coll\u00e8ge des Bernardins<\/p>\n<ul>\n<li>Trois dimanches : D\u00e9couverte du juda\u00efsme<\/li>\n<li>Des cours semestriels<\/li>\n<\/ul>\n<p>Le CCDEJ fait sa rentr\u00e9e en novembre : il est encore temps de vous inscrire aux cours !<\/p>\n<p>Pour plus d&rsquo;informations, <a href=\"https:\/\/f.info.collegedesbernardins.fr\/o\/?s=13c6-6500-4516-4609d0c9-4af2\" target=\"_blank\" rel=\"noopener noreferrer\">la page du CCDEJ<\/a><\/p>\n","protected":false},"excerpt":{"rendered":"<p>Les propositions du Centre Chr\u00e9tien d&rsquo;Etudes Juives du Coll\u00e8ge des Bernardins Trois dimanches : D\u00e9couverte du juda\u00efsme Des cours semestriels Le CCDEJ fait sa rentr\u00e9e en novembre : il est encore temps de vous inscrire aux cours ! Pour plus d&rsquo;informations, la page du CCDEJ<\/p>\n","protected":false},"author":2,"featured_media":0,"comment_status":"closed","ping_status":"closed","sticky":false,"template":"","format":"standard","meta":{"_jetpack_memberships_contains_paid_content":false,"footnotes":""},"categories":[24],"tags":[],"class_list":["post-3520","post","type-post","status-publish","format-standard","hentry","category-conferences"],"jetpack_featured_media_url":"","jetpack_sharing_enabled":true,"_links":{"self":[{"href":"https:\/\/www.cirdic.fr\/index.php\/wp-json\/wp\/v2\/posts\/3520","targetHints":{"allow":["GET"]}}],"collection":[{"href":"https:\/\/www.cirdic.fr\/index.php\/wp-json\/wp\/v2\/posts"}],"about":[{"href":"https:\/\/www.cirdic.fr\/index.php\/wp-json\/wp\/v2\/types\/post"}],"author":[{"embeddable":true,"href":"https:\/\/www.cirdic.fr\/index.php\/wp-json\/wp\/v2\/users\/2"}],"replies":[{"embeddable":true,"href":"https:\/\/www.cirdic.fr\/index.php\/wp-json\/wp\/v2\/comments?post=3520"}],"version-history":[{"count":0,"href":"https:\/\/www.cirdic.fr\/index.php\/wp-json\/wp\/v2\/posts\/3520\/revisions"}],"wp:attachment":[{"href":"https:\/\/www.cirdic.fr\/index.php\/wp-json\/wp\/v2\/media?parent=3520"}],"wp:term":[{"taxonomy":"category","embeddable":true,"href":"https:\/\/www.cirdic.fr\/index.php\/wp-json\/wp\/v2\/categories?post=3520"},{"taxonomy":"post_tag","embeddable":true,"href":"https:\/\/www.cirdic.fr\/index.php\/wp-json\/wp\/v2\/tags?post=3520"}],"curies":[{"name":"wp","href":"https:\/\/api.w.org\/{rel}","templated":true}]}}