{"id":3515,"date":"2019-10-27T19:23:59","date_gmt":"2019-10-27T18:23:59","guid":{"rendered":"http:\/\/www.cirdic.fr\/?p=3515"},"modified":"2019-10-27T19:23:59","modified_gmt":"2019-10-27T18:23:59","slug":"colloque-sur-laccord-fondamental-entre-le-saint-siege-et-letat-disrael","status":"publish","type":"post","link":"https:\/\/www.cirdic.fr\/index.php\/2019\/10\/27\/colloque-sur-laccord-fondamental-entre-le-saint-siege-et-letat-disrael\/","title":{"rendered":"Colloque sur l\u2019Accord fondamental entre le Saint-Si\u00e8ge et l\u2019Etat d\u2019Isra\u00ebl"},"content":{"rendered":"<p style=\"text-align: justify;\"><a href=\"https:\/\/www.cirdic.fr\/wp-content\/uploads\/2017\/11\/SNRJ_logo.png\"><img loading=\"lazy\" decoding=\"async\" class=\"alignleft wp-image-2480 size-full\" src=\"https:\/\/www.cirdic.fr\/wp-content\/uploads\/2017\/11\/SNRJ_logo.png\" alt=\"\" width=\"157\" height=\"234\" \/><\/a>A l\u2019occasion des 25 ans de l\u2019\u00e9tablissement des relations diplomatiques entre l\u2019Etat d\u2019Isra\u00ebl et le Saint-Si\u00e8ge, le service des Relations avec le Juda\u00efsme de la Conf\u00e9rence des Ev\u00eaques de France, l\u2019Ambassade d\u2019Isra\u00ebl en France et<br \/>\nle Coll\u00e8ge des Bernardins vous invitent \u00e0 une rencontre exceptionnelle :<\/p>\n<p style=\"text-align: justify;\"><strong>le mercredi 13 novembre 2019<\/strong><br \/>\n<strong>Paroisse Saint-Honor\u00e9 d\u2019Eylau, Paris (16e)<\/strong><\/p>\n<p style=\"text-align: left;\"><strong>Inscription obligatoire<\/strong> : <a href=\"https:\/\/colloquenovembre2019-accordfondamental.venio.fr\/fr\">https:\/\/colloquenovembre2019-accordfondamental.venio.fr\/fr<\/a><\/p>\n<p style=\"text-align: justify;\">\n","protected":false},"excerpt":{"rendered":"<p>A l\u2019occasion des 25 ans de l\u2019\u00e9tablissement des relations diplomatiques entre l\u2019Etat d\u2019Isra\u00ebl et le Saint-Si\u00e8ge, le service des Relations avec le Juda\u00efsme de la Conf\u00e9rence des Ev\u00eaques de France, l\u2019Ambassade d\u2019Isra\u00ebl en France et le Coll\u00e8ge des Bernardins vous invitent \u00e0 une rencontre exceptionnelle : le mercredi 13 novembre 2019 Paroisse Saint-Honor\u00e9 d\u2019Eylau, Paris &hellip; <a href=\"https:\/\/www.cirdic.fr\/index.php\/2019\/10\/27\/colloque-sur-laccord-fondamental-entre-le-saint-siege-et-letat-disrael\/\" class=\"more-link\">Continuer la lecture<span class=\"screen-reader-text\"> de &laquo;&nbsp;Colloque sur l\u2019Accord fondamental entre le Saint-Si\u00e8ge et l\u2019Etat d\u2019Isra\u00ebl&nbsp;&raquo;<\/span><\/a><\/p>\n","protected":false},"author":2,"featured_media":0,"comment_status":"closed","ping_status":"closed","sticky":false,"template":"","format":"standard","meta":{"_jetpack_memberships_contains_paid_content":false,"footnotes":""},"categories":[7],"tags":[],"class_list":["post-3515","post","type-post","status-publish","format-standard","hentry","category-egliseetjudaisme"],"jetpack_featured_media_url":"","jetpack_sharing_enabled":true,"_links":{"self":[{"href":"https:\/\/www.cirdic.fr\/index.php\/wp-json\/wp\/v2\/posts\/3515","targetHints":{"allow":["GET"]}}],"collection":[{"href":"https:\/\/www.cirdic.fr\/index.php\/wp-json\/wp\/v2\/posts"}],"about":[{"href":"https:\/\/www.cirdic.fr\/index.php\/wp-json\/wp\/v2\/types\/post"}],"author":[{"embeddable":true,"href":"https:\/\/www.cirdic.fr\/index.php\/wp-json\/wp\/v2\/users\/2"}],"replies":[{"embeddable":true,"href":"https:\/\/www.cirdic.fr\/index.php\/wp-json\/wp\/v2\/comments?post=3515"}],"version-history":[{"count":0,"href":"https:\/\/www.cirdic.fr\/index.php\/wp-json\/wp\/v2\/posts\/3515\/revisions"}],"wp:attachment":[{"href":"https:\/\/www.cirdic.fr\/index.php\/wp-json\/wp\/v2\/media?parent=3515"}],"wp:term":[{"taxonomy":"category","embeddable":true,"href":"https:\/\/www.cirdic.fr\/index.php\/wp-json\/wp\/v2\/categories?post=3515"},{"taxonomy":"post_tag","embeddable":true,"href":"https:\/\/www.cirdic.fr\/index.php\/wp-json\/wp\/v2\/tags?post=3515"}],"curies":[{"name":"wp","href":"https:\/\/api.w.org\/{rel}","templated":true}]}}