{"id":3502,"date":"2019-09-24T17:51:37","date_gmt":"2019-09-24T15:51:37","guid":{"rendered":"http:\/\/www.cirdic.fr\/?p=3502"},"modified":"2023-07-20T17:50:59","modified_gmt":"2023-07-20T15:50:59","slug":"frere-charles-pere-abbe-dabu-gosh-1944-2019","status":"publish","type":"post","link":"https:\/\/www.cirdic.fr\/index.php\/2019\/09\/24\/frere-charles-pere-abbe-dabu-gosh-1944-2019\/","title":{"rendered":"Fr\u00e8re Charles, p\u00e8re abb\u00e9 d&rsquo;Abu Gosh. 1944 &#8211; 2019"},"content":{"rendered":"<figure id=\"attachment_3503\" aria-describedby=\"caption-attachment-3503\" style=\"width: 150px\" class=\"wp-caption alignleft\"><a href=\"https:\/\/www.cirdic.fr\/wp-content\/uploads\/2019\/09\/Pere_Charles_2-300x207-1.jpg\"><img loading=\"lazy\" decoding=\"async\" class=\"wp-image-3503 size-thumbnail\" src=\"https:\/\/www.cirdic.fr\/wp-content\/uploads\/2019\/09\/Pere_Charles_2-300x207-1-150x150.jpg\" alt=\"\" width=\"150\" height=\"150\" \/><\/a><figcaption id=\"caption-attachment-3503\" class=\"wp-caption-text\">Fr\u00e8re Charles, p\u00e8re abb\u00e9 d\u2019Abu Gosh \u00a9 Abbaye Notre Dame du Bec-Hellouin<\/figcaption><\/figure>\n<p style=\"text-align: justify;\">Sur le site de l&rsquo;Eglise catholique : <a href=\"https:\/\/eglise.catholique.fr\/approfondir-sa-foi\/vivre-sa-foi-a-tous-les-ages\/relationsjudaisme\/482778-la-terre-sainte-pleure-le-pere-charles-abbe-dabu-gosh\/?utm_source=rss&amp;utm_medium=rss&amp;utm_campaign=la-terre-sainte-pleure-le-pere-charles-abbe-dabu-gosh\" target=\"_blank\" rel=\"noopener noreferrer\"><em>La Terre Sainte pleure le p\u00e8re Charles, abb\u00e9 d\u2019Abu Gosh<\/em><\/a>. Biographie de ce fondateur et l&rsquo;hom\u00e9lie de fr\u00e8re Louis-Marie Coudray dite pendant la messe de son enterrement le 8 juillet 2019.<\/p>\n<p style=\"text-align: justify;\">\n","protected":false},"excerpt":{"rendered":"<p>Sur le site de l&rsquo;Eglise catholique : La Terre Sainte pleure le p\u00e8re Charles, abb\u00e9 d\u2019Abu Gosh. Biographie de ce fondateur et l&rsquo;hom\u00e9lie de fr\u00e8re Louis-Marie Coudray dite pendant la messe de son enterrement le 8 juillet 2019.<\/p>\n","protected":false},"author":2,"featured_media":0,"comment_status":"closed","ping_status":"closed","sticky":false,"template":"","format":"standard","meta":{"_jetpack_memberships_contains_paid_content":false,"footnotes":""},"categories":[10],"tags":[],"class_list":["post-3502","post","type-post","status-publish","format-standard","hentry","category-les-pionniers"],"jetpack_featured_media_url":"","jetpack_sharing_enabled":true,"_links":{"self":[{"href":"https:\/\/www.cirdic.fr\/index.php\/wp-json\/wp\/v2\/posts\/3502","targetHints":{"allow":["GET"]}}],"collection":[{"href":"https:\/\/www.cirdic.fr\/index.php\/wp-json\/wp\/v2\/posts"}],"about":[{"href":"https:\/\/www.cirdic.fr\/index.php\/wp-json\/wp\/v2\/types\/post"}],"author":[{"embeddable":true,"href":"https:\/\/www.cirdic.fr\/index.php\/wp-json\/wp\/v2\/users\/2"}],"replies":[{"embeddable":true,"href":"https:\/\/www.cirdic.fr\/index.php\/wp-json\/wp\/v2\/comments?post=3502"}],"version-history":[{"count":1,"href":"https:\/\/www.cirdic.fr\/index.php\/wp-json\/wp\/v2\/posts\/3502\/revisions"}],"predecessor-version":[{"id":4233,"href":"https:\/\/www.cirdic.fr\/index.php\/wp-json\/wp\/v2\/posts\/3502\/revisions\/4233"}],"wp:attachment":[{"href":"https:\/\/www.cirdic.fr\/index.php\/wp-json\/wp\/v2\/media?parent=3502"}],"wp:term":[{"taxonomy":"category","embeddable":true,"href":"https:\/\/www.cirdic.fr\/index.php\/wp-json\/wp\/v2\/categories?post=3502"},{"taxonomy":"post_tag","embeddable":true,"href":"https:\/\/www.cirdic.fr\/index.php\/wp-json\/wp\/v2\/tags?post=3502"}],"curies":[{"name":"wp","href":"https:\/\/api.w.org\/{rel}","templated":true}]}}