{"id":3486,"date":"2019-07-05T17:49:59","date_gmt":"2019-07-05T15:49:59","guid":{"rendered":"http:\/\/www.cirdic.fr\/?p=3486"},"modified":"2019-07-05T17:49:59","modified_gmt":"2019-07-05T15:49:59","slug":"visite-du-centre-rachi-a-troyes","status":"publish","type":"post","link":"https:\/\/www.cirdic.fr\/index.php\/2019\/07\/05\/visite-du-centre-rachi-a-troyes\/","title":{"rendered":"Visite du centre Rachi \u00e0 Troyes"},"content":{"rendered":"<div style=\"text-align: justify;\"><a href=\"https:\/\/www.cirdic.fr\/wp-content\/uploads\/2019\/07\/190623_maison-rachi02.jpg\"><img loading=\"lazy\" decoding=\"async\" class=\"alignleft wp-image-3487 size-full\" src=\"https:\/\/www.cirdic.fr\/wp-content\/uploads\/2019\/07\/190623_maison-rachi02.jpg\" alt=\"\" width=\"800\" height=\"389\" srcset=\"https:\/\/www.cirdic.fr\/wp-content\/uploads\/2019\/07\/190623_maison-rachi02.jpg 800w, https:\/\/www.cirdic.fr\/wp-content\/uploads\/2019\/07\/190623_maison-rachi02-300x146.jpg 300w, https:\/\/www.cirdic.fr\/wp-content\/uploads\/2019\/07\/190623_maison-rachi02-768x373.jpg 768w\" sizes=\"auto, (max-width: 709px) 85vw, (max-width: 909px) 67vw, (max-width: 984px) 61vw, (max-width: 1362px) 45vw, 600px\" \/><\/a>Le CIRDIC a propos\u00e9 \u00e0 ses adh\u00e9rents une visite guid\u00e9e du centre Rachi le 23 juin dernier.<\/div>\n<div style=\"text-align: justify;\">Le centre Rachi propose des visites guid\u00e9es pour les groupes uniquement, de 14h \u00e0 16 heures ce qui permet de faire l\u2019aller et retour en train depuis Paris et de se promener dans la vieille ville aux ravissantes maisons \u00e0 pans de bois construites pour la plupart au XVI\u00e8me si\u00e8cle et dont la restauration se poursuit depuis plusieurs ann\u00e9es.<\/div>\n<p><!--more--><\/p>\n<div style=\"text-align: justify;\">Avec son quartier juif et son importante communaut\u00e9 au moyen \u00e2ge, c\u2019est entre la rue du Paon et la ruelle saint Frobert que Chlomo ben Itshak (1040-1105) dit Rachi habita et fonda une c\u00e9l\u00e8bre yeshivah (\u00e9cole talmudique) qui a aujourd\u2019hui disparu.<\/div>\n<div style=\"text-align: justify;\">La synagogue d\u00e9truite pendant la 2\u00e8me guerre mondiale a \u00e9t\u00e9 reconstruite dans les ann\u00e9es 1960 dans une belle maison noble du XVII\u00e8me et a \u00e9t\u00e9 agrandie par la suite avec la pose d\u2019une verri\u00e8re sur la cour int\u00e9rieure : <em>\u00ab\u00a0Qu&rsquo;elles sont belles, tes tentes, \u00f4 Jacob! Tes demeures, \u00f4 Isra\u00ebl!<\/em><span class=\"p\"><em>\u00ab\u00a0<\/em> Nb 24, 5<br \/>\n<\/span><\/div>\n<div style=\"text-align: justify;\">C\u2019est ainsi qu\u2019est n\u00e9e l\u2019id\u00e9e d\u2019une maison Rachi dans le m\u00eame immeuble pour perp\u00e9tuer l\u2019histoire de ce sage et de sa communaut\u00e9 qui ont tant marqu\u00e9 la r\u00e9gion. Rachi a pass\u00e9 toute sa vie \u00e0 Troyes o\u00f9 il a comment\u00e9 la presque totalit\u00e9 de la Michna et des passages de la Torah et fond\u00e9 l\u2019\u00e9cole des tossafistes avec ses gendres. Ses \u00e9crits sont pr\u00e9cieux pour la connaissance de la vie quotidienne de cette r\u00e9gion et de la langue fran\u00e7aise \u00e0 cette \u00e9poque. Ses filles \u00e9taient \u00e9galement tr\u00e8s \u00e9rudites. C\u2019est pourquoi le premier congr\u00e8s international des femmes rabbins, \u00abLes filles de Rachi\u00bb, s\u2019est tenu dans ce lieu du 16 juin au 18 juin 2019.<\/div>\n<div>A \u00e9couter sur Juda\u00efques, l&rsquo;\u00e9mission <em>C&rsquo;est nouveau, \u00e7\u00e0 m&rsquo;int\u00e9resse<\/em> du 29 mai : <a href=\"http:\/\/www.judaiquesfm.com\/emissions\/23\/presentation.html\" target=\"_blank\" rel=\"noopener noreferrer\">Invit\u00e9es : le Rabbin Pauline Bebe et Manon Brissaud-Fenck, pour le colloque sur \u00a0\u00bb les filles de Rachi\u00a0\u00bb\u00a0<\/a><\/div>\n<div><\/div>\n<div style=\"text-align: justify;\">Depuis 9 mois on peut y visiter une tr\u00e8s int\u00e9ressante reconstitution de la<\/div>\n<div style=\"text-align: justify;\">yeshivah de Rachi et d\u2019une petite synagogue m\u00e9di\u00e9vale ainsi qu\u2019une biblioth\u00e8que con\u00e7ue par le rabbin Marc-Alain Ouaknin. On peut voir des copies du XIII\u00e8me si\u00e8cle de dessins de Rachi pour expliquer la bible (une \u00e9chelle de Jacob par exemple) et un magnifique vitrail repr\u00e9sentant un arbre g\u00e9n\u00e9alogique de la famille Rachi. On peut \u00e9galement consulter des exemplaires du Talmud sur des tables num\u00e9riques. Le projet de revalorisation de ce patrimoine culturel juif ne s\u2019arr\u00eate pas l\u00e0. Une r\u00e9flexion est en cours sur la cr\u00e9ation d\u2019une route europ\u00e9enne du patrimoine juif qui redonnerait vie aux villages de l\u2019Aube.<\/div>\n<div><\/div>\n<div>Maison Rachi : <a href=\"http:\/\/rachi-troyes.com\/#\">http:\/\/rachi-troyes.com\/#<\/a><\/div>\n<div><\/div>\n","protected":false},"excerpt":{"rendered":"<p>Le CIRDIC a propos\u00e9 \u00e0 ses adh\u00e9rents une visite guid\u00e9e du centre Rachi le 23 juin dernier. Le centre Rachi propose des visites guid\u00e9es pour les groupes uniquement, de 14h \u00e0 16 heures ce qui permet de faire l\u2019aller et retour en train depuis Paris et de se promener dans la vieille ville aux ravissantes &hellip; <a href=\"https:\/\/www.cirdic.fr\/index.php\/2019\/07\/05\/visite-du-centre-rachi-a-troyes\/\" class=\"more-link\">Continuer la lecture<span class=\"screen-reader-text\"> de &laquo;&nbsp;Visite du centre Rachi \u00e0 Troyes&nbsp;&raquo;<\/span><\/a><\/p>\n","protected":false},"author":2,"featured_media":0,"comment_status":"closed","ping_status":"closed","sticky":false,"template":"","format":"standard","meta":{"_jetpack_memberships_contains_paid_content":false,"footnotes":""},"categories":[8],"tags":[],"class_list":["post-3486","post","type-post","status-publish","format-standard","hentry","category-vie-du-cirdic"],"jetpack_featured_media_url":"","jetpack_sharing_enabled":true,"_links":{"self":[{"href":"https:\/\/www.cirdic.fr\/index.php\/wp-json\/wp\/v2\/posts\/3486","targetHints":{"allow":["GET"]}}],"collection":[{"href":"https:\/\/www.cirdic.fr\/index.php\/wp-json\/wp\/v2\/posts"}],"about":[{"href":"https:\/\/www.cirdic.fr\/index.php\/wp-json\/wp\/v2\/types\/post"}],"author":[{"embeddable":true,"href":"https:\/\/www.cirdic.fr\/index.php\/wp-json\/wp\/v2\/users\/2"}],"replies":[{"embeddable":true,"href":"https:\/\/www.cirdic.fr\/index.php\/wp-json\/wp\/v2\/comments?post=3486"}],"version-history":[{"count":0,"href":"https:\/\/www.cirdic.fr\/index.php\/wp-json\/wp\/v2\/posts\/3486\/revisions"}],"wp:attachment":[{"href":"https:\/\/www.cirdic.fr\/index.php\/wp-json\/wp\/v2\/media?parent=3486"}],"wp:term":[{"taxonomy":"category","embeddable":true,"href":"https:\/\/www.cirdic.fr\/index.php\/wp-json\/wp\/v2\/categories?post=3486"},{"taxonomy":"post_tag","embeddable":true,"href":"https:\/\/www.cirdic.fr\/index.php\/wp-json\/wp\/v2\/tags?post=3486"}],"curies":[{"name":"wp","href":"https:\/\/api.w.org\/{rel}","templated":true}]}}