{"id":3484,"date":"2019-07-05T17:28:06","date_gmt":"2019-07-05T15:28:06","guid":{"rendered":"http:\/\/www.cirdic.fr\/?p=3484"},"modified":"2019-07-05T17:28:06","modified_gmt":"2019-07-05T15:28:06","slug":"college-des-bernardins-rentree-2019","status":"publish","type":"post","link":"https:\/\/www.cirdic.fr\/index.php\/2019\/07\/05\/college-des-bernardins-rentree-2019\/","title":{"rendered":"Coll\u00e8ge des Bernardins. Rentr\u00e9e 2019"},"content":{"rendered":"<p style=\"text-align: justify;\"><a href=\"https:\/\/www.cirdic.fr\/wp-content\/uploads\/2018\/06\/Bernardins_session-ccdej.jpg\"><img loading=\"lazy\" decoding=\"async\" class=\"alignleft wp-image-3083 size-thumbnail\" src=\"https:\/\/www.cirdic.fr\/wp-content\/uploads\/2018\/06\/Bernardins_session-ccdej-150x150.jpg\" alt=\"\" width=\"150\" height=\"150\" srcset=\"https:\/\/www.cirdic.fr\/wp-content\/uploads\/2018\/06\/Bernardins_session-ccdej-150x150.jpg 150w, https:\/\/www.cirdic.fr\/wp-content\/uploads\/2018\/06\/Bernardins_session-ccdej-300x300.jpg 300w, https:\/\/www.cirdic.fr\/wp-content\/uploads\/2018\/06\/Bernardins_session-ccdej.jpg 375w\" sizes=\"auto, (max-width: 150px) 85vw, 150px\" \/><\/a>SESSION DE RENTR\u00c9E 2019 DU CCDEJ : LE D\u00c9PLOIEMENT DE LA VOCATION D&rsquo;ISRA\u00cbL<\/p>\n<p style=\"text-align: justify;\"><strong>Mardi et Mercredi 24 et 25 septembre 2019, 9h30 &#8211; 17h30<\/strong><\/p>\n<p style=\"text-align: justify;\">Juda\u00efsme et Centre Chr\u00e9tien d&rsquo;\u00e9tudes juives &#8211; Semestre\u00a01<br \/>\nAu nom d\u2019une promesse, un peuple est engag\u00e9 par une alliance sans cesse rappel\u00e9e par la voix des proph\u00e8tes d\u2019Isra\u00ebl. De quoi cette alliance proc\u00e8de-t-elle et comment se prolonge-t-elle ? Canon biblique, tradition orale, philosophie m\u00e9di\u00e9vale et mystique juives approfondiront jusqu\u2019\u00e0 l\u2019eschatologie le trait de la vocation d\u2019Isra\u00ebl.<\/p>\n<div class=\"titre\">Avec Nissim Sultan, rabbin de la communaut\u00e9 CIG Bar Yoha\u00ef \u00e0 Grenoble<\/div>\n<p>Plus de d\u00e9tails sur le <a href=\"https:\/\/www.collegedesbernardins.fr\/content\/session-de-rentree-du-ccdej-le-deploiement-de-la-vocation-disrael-2019\" target=\"_blank\" rel=\"noopener noreferrer\">site du CCDEJ aux Bernardins<\/a><\/p>\n<p style=\"text-align: justify;\">\n","protected":false},"excerpt":{"rendered":"<p>SESSION DE RENTR\u00c9E 2019 DU CCDEJ : LE D\u00c9PLOIEMENT DE LA VOCATION D&rsquo;ISRA\u00cbL Mardi et Mercredi 24 et 25 septembre 2019, 9h30 &#8211; 17h30 Juda\u00efsme et Centre Chr\u00e9tien d&rsquo;\u00e9tudes juives &#8211; Semestre\u00a01 Au nom d\u2019une promesse, un peuple est engag\u00e9 par une alliance sans cesse rappel\u00e9e par la voix des proph\u00e8tes d\u2019Isra\u00ebl. De quoi cette &hellip; <a href=\"https:\/\/www.cirdic.fr\/index.php\/2019\/07\/05\/college-des-bernardins-rentree-2019\/\" class=\"more-link\">Continuer la lecture<span class=\"screen-reader-text\"> de &laquo;&nbsp;Coll\u00e8ge des Bernardins. Rentr\u00e9e 2019&nbsp;&raquo;<\/span><\/a><\/p>\n","protected":false},"author":2,"featured_media":0,"comment_status":"closed","ping_status":"closed","sticky":false,"template":"","format":"standard","meta":{"_jetpack_memberships_contains_paid_content":false,"footnotes":""},"categories":[24],"tags":[],"class_list":["post-3484","post","type-post","status-publish","format-standard","hentry","category-conferences"],"jetpack_featured_media_url":"","jetpack_sharing_enabled":true,"_links":{"self":[{"href":"https:\/\/www.cirdic.fr\/index.php\/wp-json\/wp\/v2\/posts\/3484","targetHints":{"allow":["GET"]}}],"collection":[{"href":"https:\/\/www.cirdic.fr\/index.php\/wp-json\/wp\/v2\/posts"}],"about":[{"href":"https:\/\/www.cirdic.fr\/index.php\/wp-json\/wp\/v2\/types\/post"}],"author":[{"embeddable":true,"href":"https:\/\/www.cirdic.fr\/index.php\/wp-json\/wp\/v2\/users\/2"}],"replies":[{"embeddable":true,"href":"https:\/\/www.cirdic.fr\/index.php\/wp-json\/wp\/v2\/comments?post=3484"}],"version-history":[{"count":0,"href":"https:\/\/www.cirdic.fr\/index.php\/wp-json\/wp\/v2\/posts\/3484\/revisions"}],"wp:attachment":[{"href":"https:\/\/www.cirdic.fr\/index.php\/wp-json\/wp\/v2\/media?parent=3484"}],"wp:term":[{"taxonomy":"category","embeddable":true,"href":"https:\/\/www.cirdic.fr\/index.php\/wp-json\/wp\/v2\/categories?post=3484"},{"taxonomy":"post_tag","embeddable":true,"href":"https:\/\/www.cirdic.fr\/index.php\/wp-json\/wp\/v2\/tags?post=3484"}],"curies":[{"name":"wp","href":"https:\/\/api.w.org\/{rel}","templated":true}]}}