{"id":3480,"date":"2019-07-05T17:13:23","date_gmt":"2019-07-05T15:13:23","guid":{"rendered":"http:\/\/www.cirdic.fr\/?p=3480"},"modified":"2019-07-05T17:13:23","modified_gmt":"2019-07-05T15:13:23","slug":"conferences-du-we-du-25-mai-2019","status":"publish","type":"post","link":"https:\/\/www.cirdic.fr\/index.php\/2019\/07\/05\/conferences-du-we-du-25-mai-2019\/","title":{"rendered":"Conf\u00e9rences en ligne du WE du 25 mai 2019"},"content":{"rendered":"<p>Vous trouverez maintenant en ligne sur le site du dioc\u00e8se de Versailles les enregistrements des tables rondes et des conf\u00e9rences du WE :<\/p>\n<blockquote class=\"wp-embedded-content\" data-secret=\"4Ag812ToY4\"><p><a href=\"https:\/\/www.catholique78.fr\/2018\/06\/02\/session-judaisme-les-25-et-26-mai-2019-a-la-rencontre-de-nos-racines\/\">Session Juda\u00efsme 2019&#160;: \u00ab&#160;A la rencontre de nos racines&#160;\u00bb<\/a><\/p><\/blockquote>\n<p><iframe loading=\"lazy\" title=\"\u00ab\u00a0Session Juda\u00efsme 2019&#160;: \u00ab&#160;A la rencontre de nos racines&#160;\u00bb\u00a0\u00bb &#8212; Dioc\u00e8se de Versailles\" class=\"wp-embedded-content\" sandbox=\"allow-scripts\" security=\"restricted\" style=\"position: absolute; clip: rect(1px, 1px, 1px, 1px);\" src=\"https:\/\/www.catholique78.fr\/2018\/06\/02\/session-judaisme-les-25-et-26-mai-2019-a-la-rencontre-de-nos-racines\/embed\/#?secret=4Ag812ToY4\" data-secret=\"4Ag812ToY4\" width=\"600\" height=\"338\" frameborder=\"0\" marginwidth=\"0\" marginheight=\"0\" scrolling=\"no\"><\/iframe><\/p>\n<p>Ce weekend propos\u00e9 par le CIRDIC en association avec le dioc\u00e8se de Versailles, le SNRJ et l\u2019AJCF s\u2019adressait \u00e0 tous ceux, chr\u00e9tiens ou non, d\u00e9sireux de mieux comprendre comment la foi chr\u00e9tienne s\u2019enracine dans la tradition du peuple juif et s\u2019enrichit par ses liens avec le juda\u00efsme vivant d\u2019aujourd\u2019hui.<\/p>\n","protected":false},"excerpt":{"rendered":"<p>Vous trouverez maintenant en ligne sur le site du dioc\u00e8se de Versailles les enregistrements des tables rondes et des conf\u00e9rences du WE : Session Juda\u00efsme 2019&#160;: \u00ab&#160;A la rencontre de nos racines&#160;\u00bb Ce weekend propos\u00e9 par le CIRDIC en association avec le dioc\u00e8se de Versailles, le SNRJ et l\u2019AJCF s\u2019adressait \u00e0 tous ceux, chr\u00e9tiens ou &hellip; <a href=\"https:\/\/www.cirdic.fr\/index.php\/2019\/07\/05\/conferences-du-we-du-25-mai-2019\/\" class=\"more-link\">Continuer la lecture<span class=\"screen-reader-text\"> de &laquo;&nbsp;Conf\u00e9rences en ligne du WE du 25 mai 2019&nbsp;&raquo;<\/span><\/a><\/p>\n","protected":false},"author":2,"featured_media":0,"comment_status":"closed","ping_status":"closed","sticky":false,"template":"","format":"standard","meta":{"_jetpack_memberships_contains_paid_content":false,"footnotes":""},"categories":[8],"tags":[],"class_list":["post-3480","post","type-post","status-publish","format-standard","hentry","category-vie-du-cirdic"],"jetpack_featured_media_url":"","jetpack_sharing_enabled":true,"_links":{"self":[{"href":"https:\/\/www.cirdic.fr\/index.php\/wp-json\/wp\/v2\/posts\/3480","targetHints":{"allow":["GET"]}}],"collection":[{"href":"https:\/\/www.cirdic.fr\/index.php\/wp-json\/wp\/v2\/posts"}],"about":[{"href":"https:\/\/www.cirdic.fr\/index.php\/wp-json\/wp\/v2\/types\/post"}],"author":[{"embeddable":true,"href":"https:\/\/www.cirdic.fr\/index.php\/wp-json\/wp\/v2\/users\/2"}],"replies":[{"embeddable":true,"href":"https:\/\/www.cirdic.fr\/index.php\/wp-json\/wp\/v2\/comments?post=3480"}],"version-history":[{"count":0,"href":"https:\/\/www.cirdic.fr\/index.php\/wp-json\/wp\/v2\/posts\/3480\/revisions"}],"wp:attachment":[{"href":"https:\/\/www.cirdic.fr\/index.php\/wp-json\/wp\/v2\/media?parent=3480"}],"wp:term":[{"taxonomy":"category","embeddable":true,"href":"https:\/\/www.cirdic.fr\/index.php\/wp-json\/wp\/v2\/categories?post=3480"},{"taxonomy":"post_tag","embeddable":true,"href":"https:\/\/www.cirdic.fr\/index.php\/wp-json\/wp\/v2\/tags?post=3480"}],"curies":[{"name":"wp","href":"https:\/\/api.w.org\/{rel}","templated":true}]}}