{"id":3313,"date":"2018-12-31T19:28:14","date_gmt":"2018-12-31T18:28:14","guid":{"rendered":"http:\/\/www.cirdic.fr\/?p=3313"},"modified":"2018-12-31T19:28:14","modified_gmt":"2018-12-31T18:28:14","slug":"repenser-lalterite","status":"publish","type":"post","link":"https:\/\/www.cirdic.fr\/index.php\/2018\/12\/31\/repenser-lalterite\/","title":{"rendered":"Repenser l&rsquo;alt\u00e9rit\u00e9"},"content":{"rendered":"<p style=\"text-align: justify;\"><em><a href=\"https:\/\/www.cirdic.fr\/wp-content\/uploads\/2019\/01\/vernet-rausky-repenserlalterite-9782889184538.jpg\"><img loading=\"lazy\" decoding=\"async\" class=\"wp-image-3314 alignleft\" src=\"https:\/\/www.cirdic.fr\/wp-content\/uploads\/2019\/01\/vernet-rausky-repenserlalterite-9782889184538-195x300.jpg\" alt=\"\" width=\"97\" height=\"150\" srcset=\"https:\/\/www.cirdic.fr\/wp-content\/uploads\/2019\/01\/vernet-rausky-repenserlalterite-9782889184538-195x300.jpg 195w, https:\/\/www.cirdic.fr\/wp-content\/uploads\/2019\/01\/vernet-rausky-repenserlalterite-9782889184538.jpg 600w\" sizes=\"auto, (max-width: 97px) 85vw, 97px\" \/><\/a>J\u00e9r\u00f4me Beau et sous la direction de Franklin Rausky et de Thierry Vernet<\/em><br \/>\nParole et Silence, 2018. (Ecole cath\u00e9drale)<br \/>\n9782889184538<\/p>\n<p style=\"text-align: justify;\">\u00ab Repenser l\u2019alt\u00e9rit\u00e9 \u00bb, est le titre du colloque qui s\u2019est tenu au Coll\u00e8ge des Bernardins et qui marquait, outre la collaboration entre le Coll\u00e8ge des Bernardins et l\u2019Institut universitaire d\u2019\u00e9tudes juives \u00c9lie Wiesel, la conclusion de deux ann\u00e9es de dialogues, de discussions et d\u2019approfondissement th\u00e9ologique sur cette question de l\u2019alt\u00e9rit\u00e9. Ce travail a une valeur exemplaire de ce que nous pouvons faire ensemble et de ce qu\u2019il importe que nous puissions r\u00e9aliser, c\u2019est-\u00e0-dire, penser th\u00e9ologiquement notre monde, le penser \u00e0 partir de nos religions et de nos racines.<br \/>\nSophie Binggeli, Bernard Forthomme, Henri-J\u00e9r\u00f4me GAGEY, Rivon Krygier, Rafic Nahra, Sophie Nordmann, Anne-Marie-Pelletier, Franklin Rausky, Liliane Vana, Thierry Vernet<\/p>\n<p style=\"text-align: justify;\"><!--more--><br \/>\nApr\u00e8s les \u00e9v\u00e9nements survenus au cours de l\u2019ann\u00e9e 2015, \u00ab Repenser l\u2019alt\u00e9rit\u00e9 \u00bb s\u2019av\u00e8re \u00eatre est un sujet d\u2019une grande importance et nous savons que la soci\u00e9t\u00e9 actuelle est tent\u00e9e d\u2019exploiter le souffle fusionnel qu\u2019il y a \u00e0 l\u2019int\u00e9rieur d\u2019une certaine conception de l\u2019amour humain. Nous savons aussi qu\u2019il y a dans le monde deux types de familles religieuses. Les religions de l\u2019alt\u00e9rit\u00e9 marqu\u00e9es par la mystique de la relation \u00e0 l\u2019autre et les religions de la fusion, o\u00f9 l\u2019homme finalement \u00ab s\u2019entre \u00bb, comme dit le terme, dans une fusion avec l\u2019autre, voire m\u00eame avec quelque chose de plus grand que lui et o\u00f9 l\u2019identit\u00e9 \u00ab de personne \u00bb se dissout dans quelque chose d\u2019autre. La fusion fait perdre les identit\u00e9s, fait perdre les diff\u00e9rences ; la fusion est une expression dans laquelle l\u2019homme perd quelque chose de ce qui lui permet de dire un v\u00e9ritable \u00ab JE \u00bb, d\u2019une personne qui s\u2019adresse \u00e0 une autre personne. (Pr\u00e9sentation de l&rsquo;\u00e9diteur)<\/p>\n","protected":false},"excerpt":{"rendered":"<p>J\u00e9r\u00f4me Beau et sous la direction de Franklin Rausky et de Thierry Vernet Parole et Silence, 2018. (Ecole cath\u00e9drale) 9782889184538 \u00ab Repenser l\u2019alt\u00e9rit\u00e9 \u00bb, est le titre du colloque qui s\u2019est tenu au Coll\u00e8ge des Bernardins et qui marquait, outre la collaboration entre le Coll\u00e8ge des Bernardins et l\u2019Institut universitaire d\u2019\u00e9tudes juives \u00c9lie Wiesel, la &hellip; <a href=\"https:\/\/www.cirdic.fr\/index.php\/2018\/12\/31\/repenser-lalterite\/\" class=\"more-link\">Continuer la lecture<span class=\"screen-reader-text\"> de &laquo;&nbsp;Repenser l&rsquo;alt\u00e9rit\u00e9&nbsp;&raquo;<\/span><\/a><\/p>\n","protected":false},"author":2,"featured_media":0,"comment_status":"closed","ping_status":"closed","sticky":false,"template":"","format":"standard","meta":{"_jetpack_memberships_contains_paid_content":false,"footnotes":""},"categories":[3],"tags":[],"class_list":["post-3313","post","type-post","status-publish","format-standard","hentry","category-livre"],"jetpack_featured_media_url":"","jetpack_sharing_enabled":true,"_links":{"self":[{"href":"https:\/\/www.cirdic.fr\/index.php\/wp-json\/wp\/v2\/posts\/3313","targetHints":{"allow":["GET"]}}],"collection":[{"href":"https:\/\/www.cirdic.fr\/index.php\/wp-json\/wp\/v2\/posts"}],"about":[{"href":"https:\/\/www.cirdic.fr\/index.php\/wp-json\/wp\/v2\/types\/post"}],"author":[{"embeddable":true,"href":"https:\/\/www.cirdic.fr\/index.php\/wp-json\/wp\/v2\/users\/2"}],"replies":[{"embeddable":true,"href":"https:\/\/www.cirdic.fr\/index.php\/wp-json\/wp\/v2\/comments?post=3313"}],"version-history":[{"count":0,"href":"https:\/\/www.cirdic.fr\/index.php\/wp-json\/wp\/v2\/posts\/3313\/revisions"}],"wp:attachment":[{"href":"https:\/\/www.cirdic.fr\/index.php\/wp-json\/wp\/v2\/media?parent=3313"}],"wp:term":[{"taxonomy":"category","embeddable":true,"href":"https:\/\/www.cirdic.fr\/index.php\/wp-json\/wp\/v2\/categories?post=3313"},{"taxonomy":"post_tag","embeddable":true,"href":"https:\/\/www.cirdic.fr\/index.php\/wp-json\/wp\/v2\/tags?post=3313"}],"curies":[{"name":"wp","href":"https:\/\/api.w.org\/{rel}","templated":true}]}}