{"id":3277,"date":"2019-01-10T16:34:52","date_gmt":"2019-01-10T15:34:52","guid":{"rendered":"http:\/\/www.cirdic.fr\/?p=3277"},"modified":"2019-01-10T16:34:52","modified_gmt":"2019-01-10T15:34:52","slug":"session-de-printemps-a-jerusalem-organisee-par-nostra-aetatate-4","status":"publish","type":"post","link":"https:\/\/www.cirdic.fr\/index.php\/2019\/01\/10\/session-de-printemps-a-jerusalem-organisee-par-nostra-aetatate-4\/","title":{"rendered":"Session de printemps \u00e0 J\u00e9rusalem organis\u00e9e par Nostra Aetate 4"},"content":{"rendered":"<p style=\"text-align: justify;\"><a href=\"https:\/\/www.cirdic.fr\/wp-content\/uploads\/2019\/01\/na4_org_logo.png\"><img loading=\"lazy\" decoding=\"async\" class=\"alignleft wp-image-3278 size-full\" src=\"https:\/\/www.cirdic.fr\/wp-content\/uploads\/2019\/01\/na4_org_logo-e1547139202838.png\" alt=\"\" width=\"181\" height=\"150\" \/><\/a>Nous vous relayons cette proposition de session :<\/p>\n<p style=\"text-align: justify;\">Session de printemps du 22 au 28 avril 2019<br \/>\n<strong>\u00ab P\u00e2que(s) \u00bb : l\u2019Alliance et le Messie<\/strong><br \/>\nUne semaine de d\u00e9couverte pour entrer dans le myst\u00e8re de P\u00e2que(s)<\/p>\n<p style=\"text-align: justify;\">\u00c0 Ein Karem, oasis de verdure aux portes de J\u00e9rusalem, durant la semaine qui suit la P\u00e2que juive et la P\u00e2ques chr\u00e9tienne, nous vous invitons \u00e0 venir r\u00e9fl\u00e9chir au sens de ces grandes f\u00eates dans lesquelles Dieu vient faire alliance avec son peuple en le lib\u00e9rant. Par des matin\u00e9es d\u2019\u00e9tude, des carrefours, des visites, des excursions, des rencontres et des conf\u00e9rences, nous plongerons dans la Bible, la tradition et la liturgie juive -encore vivante jusqu\u2019\u00e0 aujourd\u2019hui- pour essayer de mieux comprendre le myst\u00e8re pascal, fondement de l\u2019Alliance et lieu de l\u2019esp\u00e9rance messianique.<\/p>\n<p style=\"text-align: justify;\">Entrez dans le regard nouveau que l\u2019\u00c9glise veut porter sur le peuple dont elle est issue, ce peuple d\u2019Isra\u00ebl \u00ab dont l\u2019Alliance n\u2019a jamais \u00e9t\u00e9 r\u00e9voqu\u00e9e \u00bb (Pape Jean-Paul II).<\/p>\n<p style=\"text-align: justify;\"><a href=\"https:\/\/na4.org\/i\/spring-session-2019\" target=\"_blank\" rel=\"noopener\">Toutes les informations sur le site de NA4.org<\/a><\/p>\n<p style=\"text-align: justify;\">\n","protected":false},"excerpt":{"rendered":"<p>Nous vous relayons cette proposition de session : Session de printemps du 22 au 28 avril 2019 \u00ab P\u00e2que(s) \u00bb : l\u2019Alliance et le Messie Une semaine de d\u00e9couverte pour entrer dans le myst\u00e8re de P\u00e2que(s) \u00c0 Ein Karem, oasis de verdure aux portes de J\u00e9rusalem, durant la semaine qui suit la P\u00e2que juive et &hellip; <a href=\"https:\/\/www.cirdic.fr\/index.php\/2019\/01\/10\/session-de-printemps-a-jerusalem-organisee-par-nostra-aetatate-4\/\" class=\"more-link\">Continuer la lecture<span class=\"screen-reader-text\"> de &laquo;&nbsp;Session de printemps \u00e0 J\u00e9rusalem organis\u00e9e par Nostra Aetate 4&nbsp;&raquo;<\/span><\/a><\/p>\n","protected":false},"author":2,"featured_media":0,"comment_status":"closed","ping_status":"closed","sticky":false,"template":"","format":"standard","meta":{"_jetpack_memberships_contains_paid_content":false,"footnotes":""},"categories":[19],"tags":[],"class_list":["post-3277","post","type-post","status-publish","format-standard","hentry","category-sessions-we"],"jetpack_featured_media_url":"","jetpack_sharing_enabled":true,"_links":{"self":[{"href":"https:\/\/www.cirdic.fr\/index.php\/wp-json\/wp\/v2\/posts\/3277","targetHints":{"allow":["GET"]}}],"collection":[{"href":"https:\/\/www.cirdic.fr\/index.php\/wp-json\/wp\/v2\/posts"}],"about":[{"href":"https:\/\/www.cirdic.fr\/index.php\/wp-json\/wp\/v2\/types\/post"}],"author":[{"embeddable":true,"href":"https:\/\/www.cirdic.fr\/index.php\/wp-json\/wp\/v2\/users\/2"}],"replies":[{"embeddable":true,"href":"https:\/\/www.cirdic.fr\/index.php\/wp-json\/wp\/v2\/comments?post=3277"}],"version-history":[{"count":0,"href":"https:\/\/www.cirdic.fr\/index.php\/wp-json\/wp\/v2\/posts\/3277\/revisions"}],"wp:attachment":[{"href":"https:\/\/www.cirdic.fr\/index.php\/wp-json\/wp\/v2\/media?parent=3277"}],"wp:term":[{"taxonomy":"category","embeddable":true,"href":"https:\/\/www.cirdic.fr\/index.php\/wp-json\/wp\/v2\/categories?post=3277"},{"taxonomy":"post_tag","embeddable":true,"href":"https:\/\/www.cirdic.fr\/index.php\/wp-json\/wp\/v2\/tags?post=3277"}],"curies":[{"name":"wp","href":"https:\/\/api.w.org\/{rel}","templated":true}]}}