{"id":3238,"date":"2018-11-24T19:42:42","date_gmt":"2018-11-24T18:42:42","guid":{"rendered":"http:\/\/www.cirdic.fr\/?p=3238"},"modified":"2018-11-24T19:42:42","modified_gmt":"2018-11-24T18:42:42","slug":"atelier-scruter-les-ecritures-1ere-date-lundi-26-novembre","status":"publish","type":"post","link":"https:\/\/www.cirdic.fr\/index.php\/2018\/11\/24\/atelier-scruter-les-ecritures-1ere-date-lundi-26-novembre\/","title":{"rendered":"Atelier \u00ab\u00a0Scruter les Ecritures\u00a0\u00bb. 1\u00e8re date lundi 26 novembre"},"content":{"rendered":"<p style=\"text-align: justify;\"><a href=\"https:\/\/www.cirdic.fr\/wp-content\/uploads\/2017\/12\/bible-ouverte-e1512756824157.jpg\"><img loading=\"lazy\" decoding=\"async\" class=\"alignleft size-thumbnail wp-image-2589\" src=\"https:\/\/www.cirdic.fr\/wp-content\/uploads\/2017\/12\/bible-ouverte-e1512756824157-150x150.jpg\" alt=\"\" width=\"150\" height=\"150\" \/><\/a>Notre id\u00e9e : proposer les rencontres\u00a0 une semaine avant les dimanches dont seront \u00e9tudi\u00e9s les textes.<br \/>\nL&rsquo;ann\u00e9e C commence le 2 d\u00e9cembre. La premi\u00e8re rencontre aura donc lieu <strong>le lundi 26 novembre 2018 \u00e0 17h chez les Fr\u00e8res de Sion<\/strong>. Nous \u00e9tudierons les textes du 2 d\u00e9cembre, premier dimanche de l&rsquo;Avent.<\/p>\n<p>Pour plus de d\u00e9tails,<a href=\"https:\/\/www.cirdic.fr\/index.php\/formation\/cours-du-cirdic\/atelier-scruter-les-ecritures\/\"> la page descriptive<\/a><\/p>\n","protected":false},"excerpt":{"rendered":"<p>Notre id\u00e9e : proposer les rencontres\u00a0 une semaine avant les dimanches dont seront \u00e9tudi\u00e9s les textes. L&rsquo;ann\u00e9e C commence le 2 d\u00e9cembre. La premi\u00e8re rencontre aura donc lieu le lundi 26 novembre 2018 \u00e0 17h chez les Fr\u00e8res de Sion. Nous \u00e9tudierons les textes du 2 d\u00e9cembre, premier dimanche de l&rsquo;Avent. Pour plus de d\u00e9tails, &hellip; <a href=\"https:\/\/www.cirdic.fr\/index.php\/2018\/11\/24\/atelier-scruter-les-ecritures-1ere-date-lundi-26-novembre\/\" class=\"more-link\">Continuer la lecture<span class=\"screen-reader-text\"> de &laquo;&nbsp;Atelier \u00ab\u00a0Scruter les Ecritures\u00a0\u00bb. 1\u00e8re date lundi 26 novembre&nbsp;&raquo;<\/span><\/a><\/p>\n","protected":false},"author":2,"featured_media":0,"comment_status":"closed","ping_status":"closed","sticky":false,"template":"","format":"standard","meta":{"_jetpack_memberships_contains_paid_content":false,"footnotes":""},"categories":[8],"tags":[],"class_list":["post-3238","post","type-post","status-publish","format-standard","hentry","category-vie-du-cirdic"],"jetpack_featured_media_url":"","jetpack_sharing_enabled":true,"_links":{"self":[{"href":"https:\/\/www.cirdic.fr\/index.php\/wp-json\/wp\/v2\/posts\/3238","targetHints":{"allow":["GET"]}}],"collection":[{"href":"https:\/\/www.cirdic.fr\/index.php\/wp-json\/wp\/v2\/posts"}],"about":[{"href":"https:\/\/www.cirdic.fr\/index.php\/wp-json\/wp\/v2\/types\/post"}],"author":[{"embeddable":true,"href":"https:\/\/www.cirdic.fr\/index.php\/wp-json\/wp\/v2\/users\/2"}],"replies":[{"embeddable":true,"href":"https:\/\/www.cirdic.fr\/index.php\/wp-json\/wp\/v2\/comments?post=3238"}],"version-history":[{"count":0,"href":"https:\/\/www.cirdic.fr\/index.php\/wp-json\/wp\/v2\/posts\/3238\/revisions"}],"wp:attachment":[{"href":"https:\/\/www.cirdic.fr\/index.php\/wp-json\/wp\/v2\/media?parent=3238"}],"wp:term":[{"taxonomy":"category","embeddable":true,"href":"https:\/\/www.cirdic.fr\/index.php\/wp-json\/wp\/v2\/categories?post=3238"},{"taxonomy":"post_tag","embeddable":true,"href":"https:\/\/www.cirdic.fr\/index.php\/wp-json\/wp\/v2\/tags?post=3238"}],"curies":[{"name":"wp","href":"https:\/\/api.w.org\/{rel}","templated":true}]}}