{"id":3227,"date":"2018-11-20T21:51:15","date_gmt":"2018-11-20T20:51:15","guid":{"rendered":"http:\/\/www.cirdic.fr\/?p=3227"},"modified":"2023-07-20T17:43:08","modified_gmt":"2023-07-20T15:43:08","slug":"judaisme-le-pape-recoit-la-commission-du-grand-rabbinat-disrael","status":"publish","type":"post","link":"https:\/\/www.cirdic.fr\/index.php\/2018\/11\/20\/judaisme-le-pape-recoit-la-commission-du-grand-rabbinat-disrael\/","title":{"rendered":"Juda\u00efsme\u00a0: le pape re\u00e7oit la commission du Grand Rabbinat d\u2019Isra\u00ebl"},"content":{"rendered":"<blockquote>\n<div id=\"article\" class=\"system exported\" role=\"article\">\n<div class=\"page\">\n<header><a href=\"https:\/\/www.cirdic.fr\/wp-content\/uploads\/2018\/11\/Commission-du-grand-Rabbinat-dIsrael-capture-Vatican-News.png\"><img loading=\"lazy\" decoding=\"async\" class=\"alignnone size-full wp-image-3228\" src=\"https:\/\/www.cirdic.fr\/wp-content\/uploads\/2018\/11\/Commission-du-grand-Rabbinat-dIsrael-capture-Vatican-News.png\" alt=\"\" width=\"1150\" height=\"590\" srcset=\"https:\/\/www.cirdic.fr\/wp-content\/uploads\/2018\/11\/Commission-du-grand-Rabbinat-dIsrael-capture-Vatican-News.png 1150w, https:\/\/www.cirdic.fr\/wp-content\/uploads\/2018\/11\/Commission-du-grand-Rabbinat-dIsrael-capture-Vatican-News-300x154.png 300w, https:\/\/www.cirdic.fr\/wp-content\/uploads\/2018\/11\/Commission-du-grand-Rabbinat-dIsrael-capture-Vatican-News-1024x525.png 1024w, https:\/\/www.cirdic.fr\/wp-content\/uploads\/2018\/11\/Commission-du-grand-Rabbinat-dIsrael-capture-Vatican-News-768x394.png 768w\" sizes=\"auto, (max-width: 709px) 85vw, (max-width: 909px) 67vw, (max-width: 1362px) 62vw, 840px\" \/><\/a><br \/>\nCommission du grand Rabbinat d&rsquo;Isra\u00ebl, capture Vatican News<\/p>\n<div>\n<p>Seizi\u00e8me rencontre de la Commission bilat\u00e9rale \u00e0 Rome<\/p>\n<\/div>\n<\/header>\n<p>Le pape Fran\u00e7ois a re\u00e7u 14 membres de la Commission du Grand Rabbinat d\u2019Isra\u00ebl et de la Commission pour les relations religieuses avec le juda\u00efsme, le 19 novembre 2018, au Vatican, indique <a href=\"https:\/\/www.vaticannews.va\/it\/papa\/news\/2018-11\/papa-francesco-gran-rabbinato-israele.html#play\">Vatican News<\/a> en italien.<\/p>\n<p><!--more--><\/p>\n<p>Les cardinaux Kurt Koch, pr\u00e9sident de la Commission pour les relations religieuses avec le juda\u00efsme, et Peter Turkson, pr\u00e9fet du Dicast\u00e8re pour le d\u00e9veloppement humain int\u00e9gral, ont particip\u00e9 \u00e0 la rencontre.<\/p>\n<p>La seizi\u00e8me rencontre de la Commission bilat\u00e9rale des d\u00e9l\u00e9gations du Grand Rabbinat et de la Commission pontificale pour les relations religieuses avec le juda\u00efsme se d\u00e9roule du 18 au 21 novembre \u00e0 Rome, indique <a href=\"https:\/\/www.lpj.org\/?lang=fr\">le site<\/a> du patriarcat latin de J\u00e9rusalem.<\/p>\n<p>La quinzi\u00e8me rencontre de la Commission bilat\u00e9rale a eu lieu en novembre 2017 \u00e0 J\u00e9rusalem.<\/p>\n<p>&nbsp;<\/p>\n<p><a class=\"byline\" title=\"View all posts by Marina Droujinina\" href=\"https:\/\/fr.zenit.org\/articles\/author\/marinadroujinina\/\" rel=\"author\">Marina Droujinina<\/a><\/p>\n<p>Journalisme (Moscou &amp; Bruxelles). Th\u00e9ologie (Bruxelles, IET).<\/p>\n<\/div>\n<\/div>\n<\/blockquote>\n","protected":false},"excerpt":{"rendered":"<p>Commission du grand Rabbinat d&rsquo;Isra\u00ebl, capture Vatican News Seizi\u00e8me rencontre de la Commission bilat\u00e9rale \u00e0 Rome Le pape Fran\u00e7ois a re\u00e7u 14 membres de la Commission du Grand Rabbinat d\u2019Isra\u00ebl et de la Commission pour les relations religieuses avec le juda\u00efsme, le 19 novembre 2018, au Vatican, indique Vatican News en italien.<\/p>\n","protected":false},"author":1,"featured_media":0,"comment_status":"closed","ping_status":"closed","sticky":false,"template":"","format":"standard","meta":{"_jetpack_memberships_contains_paid_content":false,"footnotes":""},"categories":[7],"tags":[],"class_list":["post-3227","post","type-post","status-publish","format-standard","hentry","category-egliseetjudaisme"],"jetpack_featured_media_url":"","jetpack_sharing_enabled":true,"_links":{"self":[{"href":"https:\/\/www.cirdic.fr\/index.php\/wp-json\/wp\/v2\/posts\/3227","targetHints":{"allow":["GET"]}}],"collection":[{"href":"https:\/\/www.cirdic.fr\/index.php\/wp-json\/wp\/v2\/posts"}],"about":[{"href":"https:\/\/www.cirdic.fr\/index.php\/wp-json\/wp\/v2\/types\/post"}],"author":[{"embeddable":true,"href":"https:\/\/www.cirdic.fr\/index.php\/wp-json\/wp\/v2\/users\/1"}],"replies":[{"embeddable":true,"href":"https:\/\/www.cirdic.fr\/index.php\/wp-json\/wp\/v2\/comments?post=3227"}],"version-history":[{"count":2,"href":"https:\/\/www.cirdic.fr\/index.php\/wp-json\/wp\/v2\/posts\/3227\/revisions"}],"predecessor-version":[{"id":4228,"href":"https:\/\/www.cirdic.fr\/index.php\/wp-json\/wp\/v2\/posts\/3227\/revisions\/4228"}],"wp:attachment":[{"href":"https:\/\/www.cirdic.fr\/index.php\/wp-json\/wp\/v2\/media?parent=3227"}],"wp:term":[{"taxonomy":"category","embeddable":true,"href":"https:\/\/www.cirdic.fr\/index.php\/wp-json\/wp\/v2\/categories?post=3227"},{"taxonomy":"post_tag","embeddable":true,"href":"https:\/\/www.cirdic.fr\/index.php\/wp-json\/wp\/v2\/tags?post=3227"}],"curies":[{"name":"wp","href":"https:\/\/api.w.org\/{rel}","templated":true}]}}