{"id":3146,"date":"2019-09-24T16:06:52","date_gmt":"2019-09-24T14:06:52","guid":{"rendered":"http:\/\/www.cirdic.fr\/?p=3146"},"modified":"2019-09-24T16:06:52","modified_gmt":"2019-09-24T14:06:52","slug":"quelles-sont-les-fetes-juives-celebrees-en-septembre","status":"publish","type":"post","link":"https:\/\/www.cirdic.fr\/index.php\/2019\/09\/24\/quelles-sont-les-fetes-juives-celebrees-en-septembre\/","title":{"rendered":"Quelles sont les f\u00eates juives c\u00e9l\u00e9br\u00e9es en automne ?"},"content":{"rendered":"<p style=\"text-align: justify;\"><a href=\"https:\/\/www.cirdic.fr\/wp-content\/uploads\/2017\/09\/800px-Pletzl_rue_des_Ecouffes_soucca.jpg\"><img loading=\"lazy\" decoding=\"async\" class=\"size-medium wp-image-2310 alignleft\" src=\"https:\/\/www.cirdic.fr\/wp-content\/uploads\/2017\/09\/800px-Pletzl_rue_des_Ecouffes_soucca-300x225.jpg\" alt=\"Soucca, Synagogue Beith Yossef, Pletzl, Marais, 18 rue des Ecouffes, IVe arrondissement, Paris, France. 2009\" width=\"300\" height=\"225\" srcset=\"https:\/\/www.cirdic.fr\/wp-content\/uploads\/2017\/09\/800px-Pletzl_rue_des_Ecouffes_soucca-300x225.jpg 300w, https:\/\/www.cirdic.fr\/wp-content\/uploads\/2017\/09\/800px-Pletzl_rue_des_Ecouffes_soucca-768x576.jpg 768w, https:\/\/www.cirdic.fr\/wp-content\/uploads\/2017\/09\/800px-Pletzl_rue_des_Ecouffes_soucca.jpg 800w\" sizes=\"auto, (max-width: 300px) 85vw, 300px\" \/><\/a>Pour nos amis Juifs, la nouvelle ann\u00e9e commence avec les f\u00eates \u201caust\u00e8res\u201d suivies de la f\u00eate de Soukhot.<\/p>\n<p style=\"text-align: justify;\"><strong>Dates pour l&rsquo;ann\u00e9e 5780 \/ septembre &#8211; octobre 2019<\/strong><\/p>\n<ul>\n<li style=\"text-align: justify;\"><a href=\"https:\/\/www.cirdic.fr\/index.php\/2018\/09\/07\/roch-ha-chana\/\"><strong>Rosh Hashanna<\/strong><\/a><strong> : <\/strong>du dimanche soir 29 septembre au mardi soir 1er octobre 2019<\/li>\n<li style=\"text-align: justify;\"><strong><a href=\"https:\/\/www.cirdic.fr\/index.php\/2017\/09\/19\/kippour\/\">Kippour<\/a> :\u00a0<\/strong>du mardi soir 8 octobre au mercredi soir 9 octobre 2019<\/li>\n<li style=\"text-align: justify;\"><strong><a href=\"https:\/\/www.cirdic.fr\/index.php\/2018\/09\/23\/soukkot-2\/\">Soukkot<\/a> : <\/strong>du dimanche 13 octobre au soir au samedi 19 octobre 2019<\/li>\n<li style=\"text-align: justify;\"><strong>Shemini Atseret <\/strong>(8e jour de soukkot) : du 20 au 21 octobre 2019<\/li>\n<li style=\"text-align: justify;\"><strong><a href=\"https:\/\/www.cirdic.fr\/index.php\/2017\/10\/06\/simhat-tora-joie-de-la-tora\/\">Sim\u2019hat Torah<\/a> :\u00a0 <\/strong>du lundi 21 octobre au soir au mardi soir 22 octobre 2019<\/li>\n<\/ul>\n","protected":false},"excerpt":{"rendered":"<p>Pour nos amis Juifs, la nouvelle ann\u00e9e commence avec les f\u00eates \u201caust\u00e8res\u201d suivies de la f\u00eate de Soukhot. Dates pour l&rsquo;ann\u00e9e 5780 \/ septembre &#8211; octobre 2019 Rosh Hashanna : du dimanche soir 29 septembre au mardi soir 1er octobre 2019 Kippour :\u00a0du mardi soir 8 octobre au mercredi soir 9 octobre 2019 Soukkot : &hellip; <a href=\"https:\/\/www.cirdic.fr\/index.php\/2019\/09\/24\/quelles-sont-les-fetes-juives-celebrees-en-septembre\/\" class=\"more-link\">Continuer la lecture<span class=\"screen-reader-text\"> de &laquo;&nbsp;Quelles sont les f\u00eates juives c\u00e9l\u00e9br\u00e9es en automne ?&nbsp;&raquo;<\/span><\/a><\/p>\n","protected":false},"author":2,"featured_media":0,"comment_status":"closed","ping_status":"closed","sticky":false,"template":"","format":"standard","meta":{"_jetpack_memberships_contains_paid_content":false,"footnotes":""},"categories":[11],"tags":[],"class_list":["post-3146","post","type-post","status-publish","format-standard","hentry","category-fete-juive"],"jetpack_featured_media_url":"","jetpack_sharing_enabled":true,"_links":{"self":[{"href":"https:\/\/www.cirdic.fr\/index.php\/wp-json\/wp\/v2\/posts\/3146","targetHints":{"allow":["GET"]}}],"collection":[{"href":"https:\/\/www.cirdic.fr\/index.php\/wp-json\/wp\/v2\/posts"}],"about":[{"href":"https:\/\/www.cirdic.fr\/index.php\/wp-json\/wp\/v2\/types\/post"}],"author":[{"embeddable":true,"href":"https:\/\/www.cirdic.fr\/index.php\/wp-json\/wp\/v2\/users\/2"}],"replies":[{"embeddable":true,"href":"https:\/\/www.cirdic.fr\/index.php\/wp-json\/wp\/v2\/comments?post=3146"}],"version-history":[{"count":0,"href":"https:\/\/www.cirdic.fr\/index.php\/wp-json\/wp\/v2\/posts\/3146\/revisions"}],"wp:attachment":[{"href":"https:\/\/www.cirdic.fr\/index.php\/wp-json\/wp\/v2\/media?parent=3146"}],"wp:term":[{"taxonomy":"category","embeddable":true,"href":"https:\/\/www.cirdic.fr\/index.php\/wp-json\/wp\/v2\/categories?post=3146"},{"taxonomy":"post_tag","embeddable":true,"href":"https:\/\/www.cirdic.fr\/index.php\/wp-json\/wp\/v2\/tags?post=3146"}],"curies":[{"name":"wp","href":"https:\/\/api.w.org\/{rel}","templated":true}]}}