{"id":2928,"date":"2018-05-09T16:05:16","date_gmt":"2018-05-09T14:05:16","guid":{"rendered":"http:\/\/www.cirdic.fr\/?p=2928"},"modified":"2018-05-09T16:05:16","modified_gmt":"2018-05-09T14:05:16","slug":"13-mai-2018-conference-ajcf-val-de-marne","status":"publish","type":"post","link":"https:\/\/www.cirdic.fr\/index.php\/2018\/05\/09\/13-mai-2018-conference-ajcf-val-de-marne\/","title":{"rendered":"13 mai 2018 : Conf\u00e9rence AJCF Val-de-Marne"},"content":{"rendered":"<p><strong><a href=\"https:\/\/www.cirdic.fr\/wp-content\/uploads\/2017\/06\/ajcf94_logo.jpg\"><img loading=\"lazy\" decoding=\"async\" class=\"alignleft size-thumbnail wp-image-2068\" src=\"https:\/\/www.cirdic.fr\/wp-content\/uploads\/2017\/06\/ajcf94_logo-150x150.jpg\" alt=\"\" width=\"150\" height=\"150\" \/><\/a>Religion et espace\u00a0: \u00e0 qui appartient la terre\u00a0?<\/strong><br class=\"autobr\" \/> Quels rapports \u00e0 la terre ont nos traditions\u00a0? <br class=\"autobr\" \/> La terre \u00ab\u00a0promise\u00a0\u00bb\u00a0: paradoxe et interpr\u00e9tation\u00a0?<\/p>\n<p><strong>Intervenants :<\/strong> Yann Boissi\u00e8re, rabbin du Mouvement Juif Lib\u00e9ral de France et Louis-Marie Coudray, directeur national des relations avec le Juda\u00efsme \u00e0 la Conf\u00e9rence des Ev\u00eaques de France.<\/p>\n<p><strong>Dimanche 13 mai 2018, 16h00<\/strong>, relais paroissial Sainte-Bernadette. 4 av du Fort, Sucy-en-Brie<\/p>\n<p>Contact : <a href=\"mailto:ajcf94.sucy@gmail.com\">ajcf94.sucy@gmail.com<\/a> 01 49 82 52 95<\/p>\n","protected":false},"excerpt":{"rendered":"<p>Religion et espace\u00a0: \u00e0 qui appartient la terre\u00a0? Quels rapports \u00e0 la terre ont nos traditions\u00a0? La terre \u00ab\u00a0promise\u00a0\u00bb\u00a0: paradoxe et interpr\u00e9tation\u00a0? Intervenants : Yann Boissi\u00e8re, rabbin du Mouvement Juif Lib\u00e9ral de France et Louis-Marie Coudray, directeur national des relations avec le Juda\u00efsme \u00e0 la Conf\u00e9rence des Ev\u00eaques de France. Dimanche 13 mai 2018, 16h00, &hellip; <a href=\"https:\/\/www.cirdic.fr\/index.php\/2018\/05\/09\/13-mai-2018-conference-ajcf-val-de-marne\/\" class=\"more-link\">Continuer la lecture<span class=\"screen-reader-text\"> de &laquo;&nbsp;13 mai 2018 : Conf\u00e9rence AJCF Val-de-Marne&nbsp;&raquo;<\/span><\/a><\/p>\n","protected":false},"author":2,"featured_media":0,"comment_status":"closed","ping_status":"closed","sticky":false,"template":"","format":"standard","meta":{"_jetpack_memberships_contains_paid_content":false,"footnotes":""},"categories":[24],"tags":[],"class_list":["post-2928","post","type-post","status-publish","format-standard","hentry","category-conferences"],"jetpack_featured_media_url":"","jetpack_sharing_enabled":true,"_links":{"self":[{"href":"https:\/\/www.cirdic.fr\/index.php\/wp-json\/wp\/v2\/posts\/2928","targetHints":{"allow":["GET"]}}],"collection":[{"href":"https:\/\/www.cirdic.fr\/index.php\/wp-json\/wp\/v2\/posts"}],"about":[{"href":"https:\/\/www.cirdic.fr\/index.php\/wp-json\/wp\/v2\/types\/post"}],"author":[{"embeddable":true,"href":"https:\/\/www.cirdic.fr\/index.php\/wp-json\/wp\/v2\/users\/2"}],"replies":[{"embeddable":true,"href":"https:\/\/www.cirdic.fr\/index.php\/wp-json\/wp\/v2\/comments?post=2928"}],"version-history":[{"count":0,"href":"https:\/\/www.cirdic.fr\/index.php\/wp-json\/wp\/v2\/posts\/2928\/revisions"}],"wp:attachment":[{"href":"https:\/\/www.cirdic.fr\/index.php\/wp-json\/wp\/v2\/media?parent=2928"}],"wp:term":[{"taxonomy":"category","embeddable":true,"href":"https:\/\/www.cirdic.fr\/index.php\/wp-json\/wp\/v2\/categories?post=2928"},{"taxonomy":"post_tag","embeddable":true,"href":"https:\/\/www.cirdic.fr\/index.php\/wp-json\/wp\/v2\/tags?post=2928"}],"curies":[{"name":"wp","href":"https:\/\/api.w.org\/{rel}","templated":true}]}}