{"id":2826,"date":"2018-03-22T16:45:46","date_gmt":"2018-03-22T15:45:46","guid":{"rendered":"http:\/\/www.cirdic.fr\/?p=2826"},"modified":"2018-03-22T16:45:46","modified_gmt":"2018-03-22T15:45:46","slug":"dans-la-vie-la-longue-marche-de-lamitie-judeo-chretienne","status":"publish","type":"post","link":"https:\/\/www.cirdic.fr\/index.php\/2018\/03\/22\/dans-la-vie-la-longue-marche-de-lamitie-judeo-chretienne\/","title":{"rendered":"Dans La Vie : \u00ab\u00a0La longue marche de l&rsquo;Amiti\u00e9 jud\u00e9o-chr\u00e9tienne\u00a0\u00bb"},"content":{"rendered":"<figure id=\"attachment_2827\" aria-describedby=\"caption-attachment-2827\" style=\"width: 150px\" class=\"wp-caption alignleft\"><a href=\"https:\/\/www.cirdic.fr\/wp-content\/uploads\/2018\/03\/180322_la-vie_gianpaolo-pagni_marche-amitie_judeochretien.jpg\"><img loading=\"lazy\" decoding=\"async\" class=\"wp-image-2827 size-thumbnail\" src=\"https:\/\/www.cirdic.fr\/wp-content\/uploads\/2018\/03\/180322_la-vie_gianpaolo-pagni_marche-amitie_judeochretien-150x150.jpg\" alt=\"\" width=\"150\" height=\"150\" \/><\/a><figcaption id=\"caption-attachment-2827\" class=\"wp-caption-text\">Gianpaolo Pagni pour La Vie<\/figcaption><\/figure>\n<p>Dans le n\u00b0 3786 du 22 mars 2018, <a href=\"http:\/\/www.lavie.fr\/debats\/idees\/la-longue-marche-de-l-amitie-judeo-chretienne-21-03-2018-88837_679.php\" target=\"_blank\" rel=\"noopener\">article de Philippe Clanch\u00e9<\/a> \u00e0 l&rsquo;occasion des 70 ans de l&rsquo;association<\/p>\n<p>&nbsp;<\/p>\n","protected":false},"excerpt":{"rendered":"<p>Dans le n\u00b0 3786 du 22 mars 2018, article de Philippe Clanch\u00e9 \u00e0 l&rsquo;occasion des 70 ans de l&rsquo;association &nbsp;<\/p>\n","protected":false},"author":2,"featured_media":0,"comment_status":"closed","ping_status":"closed","sticky":false,"template":"","format":"standard","meta":{"_jetpack_memberships_contains_paid_content":false,"footnotes":""},"categories":[10],"tags":[],"class_list":["post-2826","post","type-post","status-publish","format-standard","hentry","category-les-pionniers"],"jetpack_featured_media_url":"","jetpack_sharing_enabled":true,"_links":{"self":[{"href":"https:\/\/www.cirdic.fr\/index.php\/wp-json\/wp\/v2\/posts\/2826","targetHints":{"allow":["GET"]}}],"collection":[{"href":"https:\/\/www.cirdic.fr\/index.php\/wp-json\/wp\/v2\/posts"}],"about":[{"href":"https:\/\/www.cirdic.fr\/index.php\/wp-json\/wp\/v2\/types\/post"}],"author":[{"embeddable":true,"href":"https:\/\/www.cirdic.fr\/index.php\/wp-json\/wp\/v2\/users\/2"}],"replies":[{"embeddable":true,"href":"https:\/\/www.cirdic.fr\/index.php\/wp-json\/wp\/v2\/comments?post=2826"}],"version-history":[{"count":0,"href":"https:\/\/www.cirdic.fr\/index.php\/wp-json\/wp\/v2\/posts\/2826\/revisions"}],"wp:attachment":[{"href":"https:\/\/www.cirdic.fr\/index.php\/wp-json\/wp\/v2\/media?parent=2826"}],"wp:term":[{"taxonomy":"category","embeddable":true,"href":"https:\/\/www.cirdic.fr\/index.php\/wp-json\/wp\/v2\/categories?post=2826"},{"taxonomy":"post_tag","embeddable":true,"href":"https:\/\/www.cirdic.fr\/index.php\/wp-json\/wp\/v2\/tags?post=2826"}],"curies":[{"name":"wp","href":"https:\/\/api.w.org\/{rel}","templated":true}]}}