{"id":2658,"date":"2017-12-26T11:43:30","date_gmt":"2017-12-26T10:43:30","guid":{"rendered":"http:\/\/www.cirdic.fr\/?p=2658"},"modified":"2023-07-20T16:56:14","modified_gmt":"2023-07-20T14:56:14","slug":"dates-importantes-debut-dannee-2018","status":"publish","type":"post","link":"https:\/\/www.cirdic.fr\/index.php\/2017\/12\/26\/dates-importantes-debut-dannee-2018\/","title":{"rendered":"Dates importantes d\u00e9but d&rsquo;ann\u00e9e 2018"},"content":{"rendered":"<p><strong><a href=\"https:\/\/www.cirdic.fr\/wp-content\/uploads\/2017\/03\/ajcf_logo_150x150-e1550566339216.jpg\"><img loading=\"lazy\" decoding=\"async\" class=\"alignleft size-full wp-image-1493\" src=\"https:\/\/www.cirdic.fr\/wp-content\/uploads\/2017\/03\/ajcf_logo_150x150-e1550566339216.jpg\" alt=\"\" width=\"137\" height=\"101\" \/><\/a>Conseil National AJCF, dimanche 7 janvier 2018<\/strong>\u00a0 :<br \/>\n<em>\u00ab\u00a0L\u2019antisionisme\u00a0\u00bb<\/em>. Conf\u00e9renciers : Denis Charbit et fr\u00e8re Louis-Marie Coudray, osb<br \/>\n13h45 \u00e0 17h, Centre Alliance Edmond J. Safra, Paris 16e<br \/>\nPlus d&rsquo;infos et inscription en ligne sur le <a href=\"https:\/\/www.ajcf.fr\" target=\"_blank\" rel=\"noopener\">site de l&rsquo;AJCF<\/a><\/p>\n<p><strong><a href=\"https:\/\/www.cirdic.fr\/wp-content\/uploads\/2017\/12\/logo-TDLM-avatar-carre-2.jpg\"><img loading=\"lazy\" decoding=\"async\" class=\"alignleft wp-image-2659 size-thumbnail\" src=\"https:\/\/www.cirdic.fr\/wp-content\/uploads\/2017\/12\/logo-TDLM-avatar-carre-2-150x150.jpg\" alt=\"\" width=\"150\" height=\"150\" srcset=\"https:\/\/www.cirdic.fr\/wp-content\/uploads\/2017\/12\/logo-TDLM-avatar-carre-2-150x150.jpg 150w, https:\/\/www.cirdic.fr\/wp-content\/uploads\/2017\/12\/logo-TDLM-avatar-carre-2-300x300.jpg 300w, https:\/\/www.cirdic.fr\/wp-content\/uploads\/2017\/12\/logo-TDLM-avatar-carre-2.jpg 516w\" sizes=\"auto, (max-width: 150px) 85vw, 150px\" \/><\/a>Train de la m\u00e9moire, samedi 20 janvier 2018 : Soir\u00e9e anniversaire<\/strong> aux Bernardins<br \/>\nPlus d&rsquo;infos\u00a0 et inscription sur le <a href=\"http:\/\/traindelamemoire.fr\/2017\/11\/10eme-anniversaire-20-janvier-2018\/\" target=\"_blank\" rel=\"noopener\">site de l&rsquo;association<\/a><\/p>\n<p>&nbsp;<\/p>\n<p>&nbsp;<\/p>\n<p><strong><a href=\"https:\/\/www.cirdic.fr\/wp-content\/uploads\/2017\/11\/SNRJ_logo.png\"><img loading=\"lazy\" decoding=\"async\" class=\"alignleft size-thumbnail wp-image-2480\" src=\"https:\/\/www.cirdic.fr\/wp-content\/uploads\/2017\/11\/SNRJ_logo-150x150.png\" alt=\"\" width=\"150\" height=\"150\" \/><\/a>SNRJ, samedi 3 et dimanche 4 f\u00e9vrier<\/strong> <strong>: Session nationale de formation<\/strong> propos\u00e9e par le Service national des relations avec le Juda\u00efsme.<br \/>\nTh\u00e8me : <em>\u00ab\u00a0J\u00e9rusalem\u00a0\u00bb<br \/>\n<\/em>Maison d&rsquo;accueil Ephrem, Paris 18e<em><br \/>\n<\/em><a href=\"https:\/\/www.cirdic.fr\/index.php\/2018\/01\/30\/snrj-session-nationale-de-formation-2018-jerusalem\/\" rel=\"noopener\">Plus d&rsquo;infos et inscription<\/a><\/p>\n<p>&nbsp;<\/p>\n<p><strong><a href=\"https:\/\/www.cirdic.fr\/wp-content\/uploads\/2017\/11\/Anne-frank-Paris-noms-e1513101012607.jpg\"><img loading=\"lazy\" decoding=\"async\" class=\"alignleft size-thumbnail wp-image-2553\" src=\"https:\/\/www.cirdic.fr\/wp-content\/uploads\/2017\/11\/Anne-frank-Paris-noms-e1513101012607-150x150.jpg\" alt=\"\" width=\"150\" height=\"150\" \/><\/a>CIRDIC, samedi 10 f\u00e9vrier et dimanche 11 f\u00e9vrier :<\/strong> <strong>Cr\u00e9ation musicale autour des textes du\u00a0<em>Journal d\u2019Anne Frank<\/em><br \/>\n<\/strong>Th\u00e9\u00e2tre St-L\u00e9on. Paris, 15e<br \/>\n<a href=\"https:\/\/www.cirdic.fr\/index.php\/2017\/11\/23\/le-journal-danne-franck-au-theatre-st-leon\/\" target=\"_blank\" rel=\"noopener\">Plus d&rsquo;infos<\/a><\/p>\n<p>&nbsp;<\/p>\n","protected":false},"excerpt":{"rendered":"<p>Conseil National AJCF, dimanche 7 janvier 2018\u00a0 : \u00ab\u00a0L\u2019antisionisme\u00a0\u00bb. Conf\u00e9renciers : Denis Charbit et fr\u00e8re Louis-Marie Coudray, osb 13h45 \u00e0 17h, Centre Alliance Edmond J. Safra, Paris 16e Plus d&rsquo;infos et inscription en ligne sur le site de l&rsquo;AJCF Train de la m\u00e9moire, samedi 20 janvier 2018 : Soir\u00e9e anniversaire aux Bernardins Plus d&rsquo;infos\u00a0 et &hellip; <a href=\"https:\/\/www.cirdic.fr\/index.php\/2017\/12\/26\/dates-importantes-debut-dannee-2018\/\" class=\"more-link\">Continuer la lecture<span class=\"screen-reader-text\"> de &laquo;&nbsp;Dates importantes d\u00e9but d&rsquo;ann\u00e9e 2018&nbsp;&raquo;<\/span><\/a><\/p>\n","protected":false},"author":2,"featured_media":0,"comment_status":"closed","ping_status":"closed","sticky":false,"template":"","format":"standard","meta":{"_jetpack_memberships_contains_paid_content":false,"footnotes":""},"categories":[7],"tags":[],"class_list":["post-2658","post","type-post","status-publish","format-standard","hentry","category-egliseetjudaisme"],"jetpack_featured_media_url":"","jetpack_sharing_enabled":true,"_links":{"self":[{"href":"https:\/\/www.cirdic.fr\/index.php\/wp-json\/wp\/v2\/posts\/2658","targetHints":{"allow":["GET"]}}],"collection":[{"href":"https:\/\/www.cirdic.fr\/index.php\/wp-json\/wp\/v2\/posts"}],"about":[{"href":"https:\/\/www.cirdic.fr\/index.php\/wp-json\/wp\/v2\/types\/post"}],"author":[{"embeddable":true,"href":"https:\/\/www.cirdic.fr\/index.php\/wp-json\/wp\/v2\/users\/2"}],"replies":[{"embeddable":true,"href":"https:\/\/www.cirdic.fr\/index.php\/wp-json\/wp\/v2\/comments?post=2658"}],"version-history":[{"count":2,"href":"https:\/\/www.cirdic.fr\/index.php\/wp-json\/wp\/v2\/posts\/2658\/revisions"}],"predecessor-version":[{"id":4199,"href":"https:\/\/www.cirdic.fr\/index.php\/wp-json\/wp\/v2\/posts\/2658\/revisions\/4199"}],"wp:attachment":[{"href":"https:\/\/www.cirdic.fr\/index.php\/wp-json\/wp\/v2\/media?parent=2658"}],"wp:term":[{"taxonomy":"category","embeddable":true,"href":"https:\/\/www.cirdic.fr\/index.php\/wp-json\/wp\/v2\/categories?post=2658"},{"taxonomy":"post_tag","embeddable":true,"href":"https:\/\/www.cirdic.fr\/index.php\/wp-json\/wp\/v2\/tags?post=2658"}],"curies":[{"name":"wp","href":"https:\/\/api.w.org\/{rel}","templated":true}]}}