{"id":2616,"date":"2020-12-08T23:01:35","date_gmt":"2020-12-08T22:01:35","guid":{"rendered":"http:\/\/www.cirdic.fr\/?p=2616"},"modified":"2020-12-08T23:01:35","modified_gmt":"2020-12-08T22:01:35","slug":"lettre-du-dimanche-3e-dim-de-lavent","status":"publish","type":"post","link":"https:\/\/www.cirdic.fr\/index.php\/2020\/12\/08\/lettre-du-dimanche-3e-dim-de-lavent\/","title":{"rendered":"Lettre du dimanche : 3e dim de l\u2019Avent B"},"content":{"rendered":"<p style=\"text-align: justify;\"><img loading=\"lazy\" decoding=\"async\" class=\" wp-image-2619 alignleft\" src=\"https:\/\/www.cirdic.fr\/wp-content\/uploads\/2017\/12\/Jean_Baptiste-175x300.jpg\" alt=\"\" width=\"116\" height=\"199\" srcset=\"https:\/\/www.cirdic.fr\/wp-content\/uploads\/2017\/12\/Jean_Baptiste-175x300.jpg 175w, https:\/\/www.cirdic.fr\/wp-content\/uploads\/2017\/12\/Jean_Baptiste.jpg 300w\" sizes=\"auto, (max-width: 116px) 85vw, 116px\" \/><strong>Fr\u00e8res, soyez toujours dans la joie, priez sans rel\u00e2che, rendez gr\u00e2ce en toute circonstance !<\/strong><\/p>\n<p style=\"text-align: justify;\">Il e\u00fbt \u00e9t\u00e9 facile \u00e0 Jean le Baptiste de se faire passer pour le Messie ; il n\u2019aurait pas \u00e9t\u00e9 le premier dans l\u2019histoire d\u2019Isra\u00ebl. Sa grandeur fut de restreindre son r\u00f4le \u00e0 sa vocation de pr\u00e9curseur, lui qui incarnait cependant toute la tradition de la Premi\u00e8re Alliance. Jean est celui dont le proph\u00e8te Isa\u00efe dit : L\u2019Esprit du Seigneur Dieu est sur moi parce que le Seigneur m\u2019a consacr\u00e9 par l\u2019onction.<!--more--><\/p>\n<p style=\"text-align: justify;\"><strong>Premi\u00e8re lecture : Isa\u00efe 61,1-11<\/strong><\/p>\n<p style=\"text-align: justify;\">Un Messie du Seigneur proclamera l\u2019Ann\u00e9e Sabbatique, ou plut\u00f4t l\u2019Ann\u00e9e jubilaire, avec sa grande lib\u00e9ration (Lv 25). Ce Messie recevra de Dieu toute saintet\u00e9, toute beaut\u00e9. Alors le Seigneur et ses dons seront accessibles \u00e0 tous les peuples.<\/p>\n<p style=\"text-align: justify;\"><strong>Cantique : Luc 1, 46-54<\/strong><\/p>\n<p style=\"text-align: justify;\">En ce dimanche de joie (Laetare en latin) le psaume est remplac\u00e9 par le cantique de Marie, visiblement inspir\u00e9 de celui d\u2019Anne (1 Samuel 2,1-10) : J\u2019exulte de joie en Dieu mon sauveur.<\/p>\n<p style=\"text-align: justify;\"><strong>Deuxi\u00e8me lecture : Premi\u00e8re lettre de Paul aux Thessaloniciens 5, 16-24<\/strong><\/p>\n<p style=\"text-align: justify;\">Paul invite les chr\u00e9tiens de Thessalonique, et nous \u00e0 leur suite, \u00e0 la FIDELITE. Dieu est fid\u00e8le \u00e0 ses promesses. Il veut faire d\u2019Isra\u00ebl et des disciples de J\u00e9sus un peuple saint qui lui appartienne, un peuple tout entier pour sa gloire. En souhaitant que Dieu nous \u00ab sanctifie toute entiers\u2026 corps, \u00e2me et esprit \u00bb, Paul reprend l\u2019unique et grand commandement : Tu aimeras le Seigneur ton Dieu de tout ton c\u0153ur, de toute ton \u00e2me, de tout ton esprit (Dt 6,4).<\/p>\n<p style=\"text-align: justify;\"><strong>Evangile : Jean 1, 6-28<\/strong><\/p>\n<p style=\"text-align: justify;\">Il y eut un homme envoy\u00e9 par Dieu. Qui est-il en fait ? Que sait-on de lui ? Son nom est Jean et il affirme ne pas \u00eatre le Messie. Alors ? La question m\u00e9rite une r\u00e9ponse. Qui la donnera ? Il y a tant de faux proph\u00e8tes et de faux messies, qui abusent le menu peuple et provoquent les repr\u00e9sailles de la puissance occupante. Seul Jean lui-m\u00eame et Celui qu\u2019il annonce peuvent rendre compte de son identit\u00e9. Je suis la voix qui crie \u00e0 travers le d\u00e9sert : voici ce que Jean dit de lui-m\u00eame. Quant \u00e0 J\u00e9sus, il pr\u00e9sentera son pr\u00e9curseur comme le plus grand parmi les enfants des hommes. voix de Dieu retentit \u00e0 nouveau \u00e0 travers son proph\u00e8te. Comme au Sina\u00ef, elle retentit dans le d\u00e9sert pour signifier qu\u2019elle s\u2019adresse \u00e0 toutes les nations de la terre (cf. \u00e9vangile du 2e dimanche de l\u2019Avent).<\/p>\n<p style=\"text-align: justify;\"><strong>Conclusion<\/strong> :<\/p>\n<p style=\"text-align: justify;\">La venue du Messie que les chr\u00e9tiens proclament exige un comportement coh\u00e9rent.\u00a0Il convient de poser dans le monde des signes de cr\u00e9dibilit\u00e9. Tant qu\u2019il y aura des pauvres \u00e0 qui la Bonne Nouvelle n\u2019est pas encore annonc\u00e9e, des c\u0153urs bris\u00e9s qui ne sont pas encore gu\u00e9ris, des prisonniers dont les cha\u00eenes n\u2019ont pas encore \u00e9t\u00e9 rompues, il serait pr\u00e9tentieux d\u2019estimer que les temps sont accomplis. Juifs et chr\u00e9tiens nous avons \u00e0 travailler \u00e0 l\u2019ach\u00e8vement du projet de Dieu.<\/p>\n<p><strong><em>Notes<\/em><\/strong><strong><em>\u00a0<\/em><\/strong><\/p>\n<p><strong>Jean<\/strong> <em>: signifie \u00ab Dieu fait gr\u00e2ce \u00bb ou le \u00ab graci\u00e9 \u00bb. Dans la tradition biblique le nom d\u00e9signe la personne et d\u00e9finit sa vocation.<\/em><strong><em>\u00a0<\/em><\/strong><\/p>\n<p><strong>Pr\u00e9curseur<\/strong> <em>: H\u00e9raut qui annonce la venue d\u2019un plus grand que lui.<\/em><em>\u00a0<\/em><\/p>\n<p><strong>Ann\u00e9e sabbatique<\/strong><em> : Ann\u00e9e de repos pour les hommes et pour les choses. Tous les 7 ans, l\u2019esclave retrouve sa libert\u00e9, la terre demeure en jach\u00e8re.<\/em><strong><em>\u00a0<\/em><\/strong><\/p>\n<p><strong>Ann\u00e9e jubilaire<\/strong><strong><em> : <\/em><\/strong><em>Prescrite au livre du L\u00e9vitique 25, 8-22, exige que tous les 50 ans il y ait une ann\u00e9e sabbatique. Cela suppose qu\u2019on laisse reposer la terre, que les dettes soient remises et les esclaves lib\u00e9r\u00e9s.<\/em><\/p>\n<p><strong><em>R\u00e9f. Parall\u00e8les<\/em><\/strong><\/p>\n<p><strong>Gen\u00e8se 9,12-17 <\/strong><em>: Je me souviendrai de mon Alliance&#8230;<\/em><\/p>\n<p><strong>L\u00e9vitique 25 : <\/strong><em>La 50\u00e8me ann\u00e9e vous proclamerez la lib\u00e9ration pour tous les habitants&#8230;<\/em><\/p>\n<p><strong>Matthieu 11, 2-5 <\/strong><em>: La bonne nouvelle est annonc\u00e9e aux pauvres&#8230;<\/em><\/p>\n<p><strong>Luc 4,16-21 : <\/strong><em>Aujourd\u2019hui cette Ecriture est accomplie&#8230;<\/em><\/p>\n<p><a href=\"https:\/\/www.cirdic.fr\/wp-content\/uploads\/2017\/12\/3e-dimanche-Avent-B-2017.pdf\">T\u00e9l\u00e9charger la lettre ici.<\/a><\/p>\n","protected":false},"excerpt":{"rendered":"<p>Fr\u00e8res, soyez toujours dans la joie, priez sans rel\u00e2che, rendez gr\u00e2ce en toute circonstance ! Il e\u00fbt \u00e9t\u00e9 facile \u00e0 Jean le Baptiste de se faire passer pour le Messie ; il n\u2019aurait pas \u00e9t\u00e9 le premier dans l\u2019histoire d\u2019Isra\u00ebl. Sa grandeur fut de restreindre son r\u00f4le \u00e0 sa vocation de pr\u00e9curseur, lui qui incarnait &hellip; <a href=\"https:\/\/www.cirdic.fr\/index.php\/2020\/12\/08\/lettre-du-dimanche-3e-dim-de-lavent\/\" class=\"more-link\">Continuer la lecture<span class=\"screen-reader-text\"> de &laquo;&nbsp;Lettre du dimanche : 3e dim de l\u2019Avent B&nbsp;&raquo;<\/span><\/a><\/p>\n","protected":false},"author":2,"featured_media":0,"comment_status":"closed","ping_status":"closed","sticky":false,"template":"","format":"standard","meta":{"_jetpack_memberships_contains_paid_content":false,"footnotes":""},"categories":[17],"tags":[12],"class_list":["post-2616","post","type-post","status-publish","format-standard","hentry","category-la-lettre-du-dimanche","tag-fiche-pedagogique"],"jetpack_featured_media_url":"","jetpack_sharing_enabled":true,"_links":{"self":[{"href":"https:\/\/www.cirdic.fr\/index.php\/wp-json\/wp\/v2\/posts\/2616","targetHints":{"allow":["GET"]}}],"collection":[{"href":"https:\/\/www.cirdic.fr\/index.php\/wp-json\/wp\/v2\/posts"}],"about":[{"href":"https:\/\/www.cirdic.fr\/index.php\/wp-json\/wp\/v2\/types\/post"}],"author":[{"embeddable":true,"href":"https:\/\/www.cirdic.fr\/index.php\/wp-json\/wp\/v2\/users\/2"}],"replies":[{"embeddable":true,"href":"https:\/\/www.cirdic.fr\/index.php\/wp-json\/wp\/v2\/comments?post=2616"}],"version-history":[{"count":0,"href":"https:\/\/www.cirdic.fr\/index.php\/wp-json\/wp\/v2\/posts\/2616\/revisions"}],"wp:attachment":[{"href":"https:\/\/www.cirdic.fr\/index.php\/wp-json\/wp\/v2\/media?parent=2616"}],"wp:term":[{"taxonomy":"category","embeddable":true,"href":"https:\/\/www.cirdic.fr\/index.php\/wp-json\/wp\/v2\/categories?post=2616"},{"taxonomy":"post_tag","embeddable":true,"href":"https:\/\/www.cirdic.fr\/index.php\/wp-json\/wp\/v2\/tags?post=2616"}],"curies":[{"name":"wp","href":"https:\/\/api.w.org\/{rel}","templated":true}]}}