{"id":2599,"date":"2017-12-11T17:14:33","date_gmt":"2017-12-11T16:14:33","guid":{"rendered":"http:\/\/www.cirdic.fr\/?p=2599"},"modified":"2017-12-11T17:14:33","modified_gmt":"2017-12-11T16:14:33","slug":"8-decembre-2017-mort-du-grand-rabbin-josy-einsenberg","status":"publish","type":"post","link":"https:\/\/www.cirdic.fr\/index.php\/2017\/12\/11\/8-decembre-2017-mort-du-grand-rabbin-josy-einsenberg\/","title":{"rendered":"8 d\u00e9cembre 2017. Mort du Grand rabbin Josy Einsenberg"},"content":{"rendered":"<figure id=\"attachment_2600\" aria-describedby=\"caption-attachment-2600\" style=\"width: 150px\" class=\"wp-caption alignleft\"><a href=\"https:\/\/www.cirdic.fr\/wp-content\/uploads\/2017\/12\/josy_eisenberg_akadem.jpg\"><img loading=\"lazy\" decoding=\"async\" class=\"wp-image-2600 size-thumbnail\" src=\"https:\/\/www.cirdic.fr\/wp-content\/uploads\/2017\/12\/josy_eisenberg_akadem-150x150.jpg\" alt=\"\" width=\"150\" height=\"150\" \/><\/a><figcaption id=\"caption-attachment-2600\" class=\"wp-caption-text\">Source Akadem<\/figcaption><\/figure>\n<p style=\"text-align: justify;\">Josy Eisenberg est mort le vendredi 8 d\u00e9cembre 2017 avant le shabbat et a \u00e9t\u00e9 inhum\u00e9\u00a0 le <span id=\"OBJ_PREFIX_DWT119_com_zimbra_date\" class=\"Object\">mardi suivant<\/span> \u00e0 J\u00e9rusalem.<br \/>\nUne c\u00e9r\u00e9monie solennelle de \u00ab\u00a0chiva\u00a0\u00bb en son honneur est organis\u00e9e le <strong>dimanche 17 d\u00e9cembre, \u00e0 17h30, \u00e0 la Synagogue de la Victoire<\/strong>.<br \/>\n<a href=\"http:\/\/www.aiu.org\/fr\/disparition-du-grand-rabbin-josy-eisenberg-zal\" target=\"_blank\" rel=\"noopener\">Plus d&rsquo;informations sur le site de l&rsquo;Alliance Isra\u00e9lite Universelle<\/a><br \/>\nSes \u00e9missions du dimanche matin <em>\u00ab\u00a0La Source de vie\u00a0\u00bb<\/em> et <em>\u00ab\u00a0Juda\u00efca\u00a0\u00bb<\/em> sur France2 ont form\u00e9 des centaines de chr\u00e9tiens au juda\u00efsme.<!--more-->\u00ab\u00a0<em>Baroukh Dayan Haemet Josy Eisenberg, une personnalit\u00e9 importante dans la reconstruction du juda\u00efsme fran\u00e7ais d\u2019apr\u00e8s Guerre, un homme d&rsquo;une grande intelligence et d&rsquo;une grande curiosit\u00e9\u00a0\u00bb<\/em> Grand rabbin Ha\u00efm Korsia sur Twitter, le 8 d\u00e9cembre 2017<\/p>\n<p style=\"text-align: justify;\">Nous le remercions pour sa d\u00e9marche p\u00e9dagogique ouverte \u00e0 tous et nous pensons \u00e0 sa famille.<br \/>\nUn court entretien dans le bel article de Times of Isra\u00ebl : <a href=\"http:\/\/fr.timesofisrael.com\/un-dimanche-matin-sans-josy-eisenberg\/\" target=\"_blank\" rel=\"noopener\">Un dimanche matin sans Josy Eisenberg<\/a>, titre qui refl\u00e8te combien il va manquer \u00e0 de tr\u00e8s nombreuses personnes de toutes religions.<\/p>\n","protected":false},"excerpt":{"rendered":"<p>Josy Eisenberg est mort le vendredi 8 d\u00e9cembre 2017 avant le shabbat et a \u00e9t\u00e9 inhum\u00e9\u00a0 le mardi suivant \u00e0 J\u00e9rusalem. Une c\u00e9r\u00e9monie solennelle de \u00ab\u00a0chiva\u00a0\u00bb en son honneur est organis\u00e9e le dimanche 17 d\u00e9cembre, \u00e0 17h30, \u00e0 la Synagogue de la Victoire. Plus d&rsquo;informations sur le site de l&rsquo;Alliance Isra\u00e9lite Universelle Ses \u00e9missions du &hellip; <a href=\"https:\/\/www.cirdic.fr\/index.php\/2017\/12\/11\/8-decembre-2017-mort-du-grand-rabbin-josy-einsenberg\/\" class=\"more-link\">Continuer la lecture<span class=\"screen-reader-text\"> de &laquo;&nbsp;8 d\u00e9cembre 2017. Mort du Grand rabbin Josy Einsenberg&nbsp;&raquo;<\/span><\/a><\/p>\n","protected":false},"author":2,"featured_media":0,"comment_status":"closed","ping_status":"closed","sticky":false,"template":"","format":"standard","meta":{"_jetpack_memberships_contains_paid_content":false,"footnotes":""},"categories":[9],"tags":[14],"class_list":["post-2599","post","type-post","status-publish","format-standard","hentry","category-judaisme","tag-evenement"],"jetpack_featured_media_url":"","jetpack_sharing_enabled":true,"_links":{"self":[{"href":"https:\/\/www.cirdic.fr\/index.php\/wp-json\/wp\/v2\/posts\/2599","targetHints":{"allow":["GET"]}}],"collection":[{"href":"https:\/\/www.cirdic.fr\/index.php\/wp-json\/wp\/v2\/posts"}],"about":[{"href":"https:\/\/www.cirdic.fr\/index.php\/wp-json\/wp\/v2\/types\/post"}],"author":[{"embeddable":true,"href":"https:\/\/www.cirdic.fr\/index.php\/wp-json\/wp\/v2\/users\/2"}],"replies":[{"embeddable":true,"href":"https:\/\/www.cirdic.fr\/index.php\/wp-json\/wp\/v2\/comments?post=2599"}],"version-history":[{"count":0,"href":"https:\/\/www.cirdic.fr\/index.php\/wp-json\/wp\/v2\/posts\/2599\/revisions"}],"wp:attachment":[{"href":"https:\/\/www.cirdic.fr\/index.php\/wp-json\/wp\/v2\/media?parent=2599"}],"wp:term":[{"taxonomy":"category","embeddable":true,"href":"https:\/\/www.cirdic.fr\/index.php\/wp-json\/wp\/v2\/categories?post=2599"},{"taxonomy":"post_tag","embeddable":true,"href":"https:\/\/www.cirdic.fr\/index.php\/wp-json\/wp\/v2\/tags?post=2599"}],"curies":[{"name":"wp","href":"https:\/\/api.w.org\/{rel}","templated":true}]}}