{"id":2526,"date":"2017-12-05T18:30:12","date_gmt":"2017-12-05T17:30:12","guid":{"rendered":"http:\/\/www.cirdic.fr\/?p=2526"},"modified":"2017-12-05T18:30:12","modified_gmt":"2017-12-05T17:30:12","slug":"atelier-sur-letude-des-textes-de-la-liturgie-de-la-parole","status":"publish","type":"post","link":"https:\/\/www.cirdic.fr\/index.php\/2017\/12\/05\/atelier-sur-letude-des-textes-de-la-liturgie-de-la-parole\/","title":{"rendered":"Atelier sur l\u2019\u00e9tude des textes de la liturgie de la parole"},"content":{"rendered":"<p style=\"text-align: justify;\"><a href=\"https:\/\/www.cirdic.fr\/wp-content\/uploads\/2017\/01\/bible_book-800.jpg\"><img loading=\"lazy\" decoding=\"async\" class=\"wp-image-2413 size-medium alignleft\" src=\"https:\/\/www.cirdic.fr\/wp-content\/uploads\/2017\/01\/bible_book-800-300x146.jpg\" alt=\"\" width=\"300\" height=\"146\" srcset=\"https:\/\/www.cirdic.fr\/wp-content\/uploads\/2017\/01\/bible_book-800-300x146.jpg 300w, https:\/\/www.cirdic.fr\/wp-content\/uploads\/2017\/01\/bible_book-800-768x373.jpg 768w, https:\/\/www.cirdic.fr\/wp-content\/uploads\/2017\/01\/bible_book-800.jpg 800w\" sizes=\"auto, (max-width: 300px) 85vw, 300px\" \/><\/a>L&rsquo;atelier d&rsquo;\u00e9tude a commenc\u00e9 le lundi 4 d\u00e9cembre : temps de partage de la Parole de Dieu, d&rsquo;approfondissement des textes propos\u00e9s en ce temps de l&rsquo;Avent. Une chance qui nous est propos\u00e9e de nous &lsquo;poser&rsquo; et de prendre le temps de se plonger dans la richesse des textes liturgiques, \u00e0 la lumi\u00e8re du juda\u00efsme. Une merveille&#8230;<\/p>\n<p style=\"text-align: justify;\">Cet atelier\u00a0a lieu une fois par mois\u00a0 de <strong>17h \u00e0 19h00<\/strong> chez les Religieux de Notre-Dame de Sion :<br \/>\n68 bis rue Notre-Dame des Champs 75006 Paris<br \/>\nM\u00b0 Vavin, Port-Royal ou Notre-Dame des Champs. Chaque atelier est autonome : n&rsquo;h\u00e9sitez pas \u00e0 vous inscrire m\u00eame si vous n&rsquo;\u00eates pas venus au premier ! Prochaine rencontre le lundi 15 janvier 2018.<\/p>\n<p style=\"text-align: justify;\"><a href=\"https:\/\/www.cirdic.fr\/wp-content\/uploads\/2017\/12\/ATELIER-sur-la-liturgie-de-la-PAROLE_bulletin-inscription_v2.pdf\">Bulletin d&rsquo;inscription \u00e0 t\u00e9l\u00e9charger<\/a><\/p>\n<p style=\"text-align: justify;\"><a href=\"https:\/\/www.cirdic.fr\/index.php\/evenements-cirdic\/\">Pour en savoir plus<\/a><\/p>\n<p style=\"text-align: justify;\">\n","protected":false},"excerpt":{"rendered":"<p>L&rsquo;atelier d&rsquo;\u00e9tude a commenc\u00e9 le lundi 4 d\u00e9cembre : temps de partage de la Parole de Dieu, d&rsquo;approfondissement des textes propos\u00e9s en ce temps de l&rsquo;Avent. Une chance qui nous est propos\u00e9e de nous &lsquo;poser&rsquo; et de prendre le temps de se plonger dans la richesse des textes liturgiques, \u00e0 la lumi\u00e8re du juda\u00efsme. Une &hellip; <a href=\"https:\/\/www.cirdic.fr\/index.php\/2017\/12\/05\/atelier-sur-letude-des-textes-de-la-liturgie-de-la-parole\/\" class=\"more-link\">Continuer la lecture<span class=\"screen-reader-text\"> de &laquo;&nbsp;Atelier sur l\u2019\u00e9tude des textes de la liturgie de la parole&nbsp;&raquo;<\/span><\/a><\/p>\n","protected":false},"author":2,"featured_media":0,"comment_status":"closed","ping_status":"closed","sticky":false,"template":"","format":"standard","meta":{"_jetpack_memberships_contains_paid_content":false,"footnotes":""},"categories":[8],"tags":[],"class_list":["post-2526","post","type-post","status-publish","format-standard","hentry","category-vie-du-cirdic"],"jetpack_featured_media_url":"","jetpack_sharing_enabled":true,"_links":{"self":[{"href":"https:\/\/www.cirdic.fr\/index.php\/wp-json\/wp\/v2\/posts\/2526","targetHints":{"allow":["GET"]}}],"collection":[{"href":"https:\/\/www.cirdic.fr\/index.php\/wp-json\/wp\/v2\/posts"}],"about":[{"href":"https:\/\/www.cirdic.fr\/index.php\/wp-json\/wp\/v2\/types\/post"}],"author":[{"embeddable":true,"href":"https:\/\/www.cirdic.fr\/index.php\/wp-json\/wp\/v2\/users\/2"}],"replies":[{"embeddable":true,"href":"https:\/\/www.cirdic.fr\/index.php\/wp-json\/wp\/v2\/comments?post=2526"}],"version-history":[{"count":0,"href":"https:\/\/www.cirdic.fr\/index.php\/wp-json\/wp\/v2\/posts\/2526\/revisions"}],"wp:attachment":[{"href":"https:\/\/www.cirdic.fr\/index.php\/wp-json\/wp\/v2\/media?parent=2526"}],"wp:term":[{"taxonomy":"category","embeddable":true,"href":"https:\/\/www.cirdic.fr\/index.php\/wp-json\/wp\/v2\/categories?post=2526"},{"taxonomy":"post_tag","embeddable":true,"href":"https:\/\/www.cirdic.fr\/index.php\/wp-json\/wp\/v2\/tags?post=2526"}],"curies":[{"name":"wp","href":"https:\/\/api.w.org\/{rel}","templated":true}]}}