{"id":2520,"date":"2017-11-23T22:30:40","date_gmt":"2017-11-23T21:30:40","guid":{"rendered":"http:\/\/www.cirdic.fr\/?p=2520"},"modified":"2023-07-20T16:51:38","modified_gmt":"2023-07-20T14:51:38","slug":"le-journal-danne-franck-au-theatre-st-leon","status":"publish","type":"post","link":"https:\/\/www.cirdic.fr\/index.php\/2017\/11\/23\/le-journal-danne-franck-au-theatre-st-leon\/","title":{"rendered":"Le Journal d&rsquo;Anne Frank au th\u00e9\u00e2tre St-L\u00e9on"},"content":{"rendered":"<p style=\"text-align: left;\"><a href=\"https:\/\/www.cirdic.fr\/wp-content\/uploads\/2017\/11\/Anne-frank-Paris-noms-e1513101012607.jpg\"><img loading=\"lazy\" decoding=\"async\" class=\"alignleft size-medium wp-image-2553\" src=\"https:\/\/www.cirdic.fr\/wp-content\/uploads\/2017\/11\/Anne-frank-Paris-noms-e1513101012607-212x300.jpg\" alt=\"\" width=\"212\" height=\"300\" srcset=\"https:\/\/www.cirdic.fr\/wp-content\/uploads\/2017\/11\/Anne-frank-Paris-noms-e1513101012607-212x300.jpg 212w, https:\/\/www.cirdic.fr\/wp-content\/uploads\/2017\/11\/Anne-frank-Paris-noms-e1513101012607.jpg 564w\" sizes=\"auto, (max-width: 212px) 85vw, 212px\" \/><\/a>Samedi 10 f\u00e9vrier 2018 \u00e0 20h<br \/>\net Dimanche 11 f\u00e9vrier 2018 \u00e0 17h :<br \/>\n<strong>Cr\u00e9ation musicale autour des textes du <em>Journal d\u2019Anne Frank<\/em><br \/>\n<\/strong>Th\u00e9\u00e2tre St-L\u00e9on. 11 Place du Cardinal Amette, 75015 Paris<br \/>\nR\u00e9servation :\u00a0<a href=\"https:\/\/www.billetweb.fr\/le-journal-d-anne-franck\">www.billetweb.fr\/le-journal-d-anne-franck<\/a><\/p>\n<p style=\"text-align: justify;\">Nous vous proposons ce spectacle d\u00e9j\u00e0 vu en Suisse par un de nos membres :<br \/>\n\u00ab\u00a0Voici pourquoi il faut aller voir cette pi\u00e8ce :<br \/>\nLes textes sont extraits du journal d\u2019Anne Frank. Trois com\u00e9diens, \u00e2g\u00e9s de 17 \u00e0 18 ans, incarnent la voix d\u2019Anne le temps du spectacle. A eux trois, ils exposent les questions, les frustrations, les peurs ou les joies de la jeune fille. Le public devient alors le r\u00e9cepteur, le confident, \u00ab Kitty \u00bb comme l\u2019appelle Anne. Parfois lus \u00e0 trois voix, parfois sur un fond musical, les textes interpellent avec originalit\u00e9 et finesse.<br \/>\nCette pi\u00e8ce est \u00e0 la fois belle musicalement et elle permet de sensibiliser les jeunes \u00e0 l\u2019antis\u00e9mitisme et la Shoah ! \u00ab\u00a0<\/p>\n<p>Les musiciens, tous professionnels, jouent dans diverses formations en Europe. Avec les acteurs, ils offrent pour la premi\u00e8re fois en France deux repr\u00e9sentations uniquement samedi soir 10 et dimanche apr\u00e8s midi 11 f\u00e9vrier.<\/p>\n<p style=\"text-align: justify;\"><!--more--><\/p>\n<p>Flyer \u00e0 t\u00e9l\u00e9charger en .jpg :<\/p>\n<p style=\"text-align: justify;\"><a href=\"https:\/\/www.cirdic.fr\/wp-content\/uploads\/2017\/11\/Anne-frank-Paris-noms-e1513101012607.jpg\"><img loading=\"lazy\" decoding=\"async\" class=\"alignleft size-medium wp-image-2553\" src=\"https:\/\/www.cirdic.fr\/wp-content\/uploads\/2017\/11\/Anne-frank-Paris-noms-e1513101012607-212x300.jpg\" alt=\"\" width=\"212\" height=\"300\" srcset=\"https:\/\/www.cirdic.fr\/wp-content\/uploads\/2017\/11\/Anne-frank-Paris-noms-e1513101012607-212x300.jpg 212w, https:\/\/www.cirdic.fr\/wp-content\/uploads\/2017\/11\/Anne-frank-Paris-noms-e1513101012607.jpg 564w\" sizes=\"auto, (max-width: 212px) 85vw, 212px\" \/><\/a><\/p>\n<p style=\"text-align: justify;\"><a href=\"https:\/\/www.cirdic.fr\/wp-content\/uploads\/2017\/11\/Verso-paris-1-e1513100974312.jpg\"><img loading=\"lazy\" decoding=\"async\" class=\"size-medium wp-image-2555 alignright\" src=\"https:\/\/www.cirdic.fr\/wp-content\/uploads\/2017\/11\/Verso-paris-1-e1513100974312-212x300.jpg\" alt=\"\" width=\"212\" height=\"300\" srcset=\"https:\/\/www.cirdic.fr\/wp-content\/uploads\/2017\/11\/Verso-paris-1-e1513100974312-212x300.jpg 212w, https:\/\/www.cirdic.fr\/wp-content\/uploads\/2017\/11\/Verso-paris-1-e1513100974312.jpg 564w\" sizes=\"auto, (max-width: 212px) 85vw, 212px\" \/><\/a><\/p>\n<p style=\"text-align: left;\"><span style=\"color: #008080;\"><strong>Composition musicale : Maryl\u00e8ne M\u00fcller<\/strong><\/span><\/p>\n<p style=\"text-align: left;\"><span style=\"color: #008080;\"><strong>Mise en sc\u00e8ne : H\u00e9l\u00e8ne Bolanz<\/strong><\/span><\/p>\n<p>&nbsp;<\/p>\n<p>&nbsp;<\/p>\n<p>Teaser de la pi\u00e8ce :<\/p>\n<p style=\"text-align: justify;\">\u00a0<iframe loading=\"lazy\" src=\"https:\/\/player.vimeo.com\/video\/202783499\" width=\"400\" height=\"225\" frameborder=\"0\" allowfullscreen=\"allowfullscreen\"><\/iframe><\/p>\n<p><a href=\"https:\/\/vimeo.com\/202783499\">\u00ab\u00a0Le journal d&rsquo;Anne Frank\u00a0\u00bb<\/a> from <a href=\"https:\/\/vimeo.com\/user62519839\">Rejoins l&rsquo;Histoire<\/a> on <a href=\"https:\/\/vimeo.com\">Vimeo<\/a>.<\/p>\n<h3 style=\"text-align: justify;\"><span style=\"color: #008080;\">Le journal d\u2019Anne Frank<\/span><\/h3>\n<p style=\"text-align: justify;\">Anne Frank, jeune fille de 13 ans, doit se cacher avec sa famille, parce qu\u2019elle est juive et que les Pays-Bas sont occup\u00e9s par l\u2019Allemagne nazie. Dans \u00ab l\u2019Annexe \u00bb o\u00f9 elle vivra enferm\u00e9e pendant deux ans, elle \u00e9crira un journal qui sera trouv\u00e9 apr\u00e8s son arrestation, et publi\u00e9 \u00e0 la fin de la guerre, t\u00e9moin d\u2019une \u00e9poque sombre de notre histoire europ\u00e9enne mais \u00e9galement reflet des \u00e9motions et des questionnements d\u2019une adolescente. Il r\u00e9v\u00e8le sa maturit\u00e9, sensibilit\u00e9, finesse et clairvoyance et a marqu\u00e9 des g\u00e9n\u00e9rations de lecteurs et de lectrices, de toutes cultures.<\/p>\n<p style=\"text-align: justify;\">Une cr\u00e9ation dans laquelle musique et paroles s\u2019entrem\u00ealent se r\u00e9pondent, se compl\u00e8tent, o\u00f9 les mots deviennent musique et la musique accompagne dans l\u2019indicible. Une cr\u00e9ation pour donner voix \u00e0 Anne Frank, mais aussi \u00e0 tous les enfants juifs victimes de la Shoah.<\/p>\n<p style=\"text-align: justify;\">\u00ab Je veux continuer \u00e0 vivre, m\u00eame apr\u00e8s ma mort ! \u00bb<\/p>\n<p style=\"text-align: justify;\">C\u2019est le 29 mars 1944 qu\u2019Anne Frank \u00e9crit cette d\u00e9claration d\u2019espoir et de courage. Elle est loin de se douter que son journal se vendra \u00e0 des millions d\u2019exemplaires !<\/p>\n<p style=\"text-align: justify;\"><strong>Les textes\u2026<\/strong><\/p>\n<p style=\"text-align: justify;\">\u00ab Je crois fermement qu\u2019au milieu de toute la d\u00e9tresse,<\/p>\n<p style=\"text-align: justify;\">la nature peut effacer bien des tourments. \u00bb<\/p>\n<p style=\"text-align: justify;\">(Anne Frank)<\/p>\n<p style=\"text-align: justify;\">Les textes sont extraits du journal d\u2019Anne Frank. Trois com\u00e9diens, \u00e2g\u00e9s de 17 \u00e0 18 ans, in-carnent la voix d\u2019Anne le temps du spectacle. A eux trois, ils exposent les questions, les frus-trations, les peurs ou les joies de la jeune fille. Le public devient alors le r\u00e9cepteur, le confi-dent, \u00ab Kitty \u00bb comme l\u2019appelle Anne. Parfois lus \u00e0 trois voix, parfois sur un fond musical, les textes interpellent avec originalit\u00e9 et finesse.<\/p>\n<p style=\"text-align: justify;\"><strong>\u2026et la musique<\/strong><\/p>\n<p style=\"text-align: justify;\">\u00ab La musique est faite pour l\u2019inexprimable\u2026 \u00bb<\/p>\n<p style=\"text-align: justify;\">(Claude Debussy)<\/p>\n<p style=\"text-align: justify;\">Six musiciens professionnels sur sc\u00e8ne : harpe, clarinette et un quatuor \u00e0 cordes s\u2019unissent aux textes et leur donnent une autre dimension ; la musique se met au service des mots. Proche du style de la musique juive, elle nous plonge dans un univers unique, par des inter-m\u00e8des instrumentaux ou en dialogue avec le texte. \u00ab Une cr\u00e9ation dans laquelle musique et paroles s\u2019entrem\u00ealent, se r\u00e9pondent, se compl\u00e8tent, o\u00f9 les mots deviennent musique et la musique parle. \u00bb (H\u00e9l\u00e8ne Bolanz, metteur en sc\u00e8ne)<\/p>\n<p style=\"text-align: justify;\"><span style=\"color: #008080;\"><strong>Biographies<\/strong><\/span><\/p>\n<p style=\"text-align: justify;\"><span style=\"color: #008080;\"><strong>Compositrice : Maryl\u00e8ne M\u00fcller<\/strong><\/span><\/p>\n<p style=\"text-align: justify;\">Elle d\u00e9bute ses \u00e9tudes musicales \u00e0 l\u2019\u00e2ge de 7 ans avec le piano classique. Enseign\u00e9e par Yukiko Tanaka puis Fran\u00e7ois Margot, elle obtient son Certificat non professionnel en 2011. D\u00e8s 2009, elle entre dans le choeur d\u2019Urban Gospel One Step dirig\u00e9 par Tanguy Bouvet et Pascal Adoumbou. Puis en 2011, elle rejoint la classe de com\u00e9die musicale de Brigitte Annoff au Conservatoire de Lausanne participant ainsi \u00e0 plusieurs spectacles dont \u00ab Le Go\u00fbt du Sel \u00bb, compos\u00e9 par Guy-Fran\u00e7ois Leuenberger et Alix Noble et mis en sc\u00e8ne par Fr\u00e9d\u00e9ric Ozier. Elle obtient son Certificat non professionnel de com\u00e9die musicale en avril 2016.<\/p>\n<p style=\"text-align: justify;\">Elle dirige l\u2019Accroche Choeur au coll\u00e8ge de Penthalaz depuis 2014. Elle pr\u00e9pare les choeurs et chante au Montreux Jazz Festival avec Lionel Richie en 2015. Par ailleurs, elle a l\u2019occasion de codiriger, aux c\u00f4t\u00e9s de Dominique Tille, les Voix de Lausanne lors du projet \u00ab un Am\u00e9ricain \u00e0 Paris \u00bb en mai 2016.<\/p>\n<p style=\"text-align: justify;\">Elle termine son Bachelor \u00e0 la Haute Ecole de Musique de Lausanne en juin 2016, cr\u00e9\u00e9e l\u2019association \u00e0 but non-lucratif \u00ab Rejoins l\u2019Histoire \u00bb qui produit des spectacles interdisciplinaires dont l\u2019objectif est de sensibiliser le public \u00e0 diverses injustices et souffrances humaines.<\/p>\n<p style=\"text-align: justify;\">Actuellement, elle fait un Master \u00e0 la Z\u00fcrcher Hochschule der K\u00fcnste, en composition pour musique de films, de th\u00e9\u00e2tre et de m\u00e9dias.<\/p>\n<p style=\"text-align: justify;\"><span style=\"color: #008080;\"><strong>Metteur en sc\u00e8ne : H\u00e9l\u00e8ne Bolanz<\/strong><\/span><\/p>\n<p style=\"text-align: justify;\">Chercheuse de sens et des sens, traqueuse d\u2019\u00e9motions de toutes couleurs, collectionneuse d\u2019\u00e9tincelles de vie. Aime s\u2019\u00e9parpiller pour rassembler son inspiration, elle se bat souvent avec ses doutes et ses contradictions, en cherchant ce qu\u2019elle ne trouve pas, elle trouve sou-vent ce qu\u2019elle ne cherchait pas et cr\u00e9e avec.<\/p>\n<p style=\"text-align: justify;\">Elle se forme au Conservatoire de Lausanne, \u00e0 Atelier Th\u00e9\u00e2tre Serge Martin \u00e0 Paris en tant que com\u00e9dienne, et par des stages avec Philippe Hottier, Jo\u00ebl Jouanneau, Stanislas Nordey, Giovanna Marini et Mary Jimenez \/ Yves Yersin (cin\u00e9ma).<\/p>\n<p style=\"text-align: justify;\">Elle joue \u00e0 Paris dans \u00ab\u00a0Mistero Buffo\u00a0\u00bb et dans \u00ab\u00a0Cosmic Story\u00a0\u00bb, cr\u00e9ation sur l&rsquo;histoire de l\u2019astronomie. En Suisse, elle est com\u00e9dienne permanente, pendant deux ans, pour un th\u00e9\u00e2tre jeune public (tourn\u00e9e avec trois spectacles). Elle joue dans \u00ab\u00a0Les Troyennes\u00a0\u00bb d&rsquo;Euripides, \u00a0\u00bb La Voyante \u00a0\u00bb d&rsquo;Andr\u00e9 Roussin, \u00ab\u00a0La Belle et la B\u00eate\u00a0\u00bb, \u00ab\u00a0Rouge noir et ignorant\u00a0\u00bb d&rsquo;E. Bond, \u00ab\u00a0Bossemans et Copenolle\u00a0\u00bb, mis en sc\u00e8ne par Andr\u00e9 Steiger, Madeleine Robinson, G\u00e9rard Demierre, Darius Peyamiras, Jonathan Fox. Tourne pour la t\u00e9l\u00e9vision \u00ab\u00a0Le P\u00e9nitent\u00a0\u00bb R\u00e9alisation H. de Laugardi\u00e8re.<\/p>\n<p style=\"text-align: justify;\">D\u00e8s 1992, elle cr\u00e9e les Ateliers de Th\u00e9\u00e2tre du Comsi, des ateliers pour enfants, adolescents et adultes. Par ailleurs, elle enseigne le th\u00e9\u00e2tre \u00e0 l\u2019\u00e9tablissement secondaire de Gland. Elle est directrice artistique du th\u00e9\u00e2tre de la Ruelle depuis 2008.<\/p>\n<p style=\"text-align: justify;\">Quelques mises en sc\u00e8nes<\/p>\n<ul style=\"text-align: justify;\">\n<li>2016 : Femme non r\u00e9 \u00e9ducable de Stefano Massini et Le Ravissement d\u2019Ad\u00e8le de R\u00e9mi de Vos Dans le cadre du Festival des Granges \u00e0 la Chaux (Cossonay)<\/li>\n<li>2014-2015 : Caligula d\u2019Albert Camus (Th\u00e9\u00e2tre de la Ruelle)<\/li>\n<li>2008-2009 : La Trag\u00e9die Comique de Eve Bonfanti et Yves Hunstad (Grange de Dorigny, Th\u00e9\u00e2tre de la Voirie, Casino de Rolle, Th\u00e9\u00e2tre de la Ruelle)<\/li>\n<li>2008 : Rom\u00e9o et Juliette de J. Cocteau (Th\u00e9\u00e2tre de la Ruelle)<\/li>\n<li>2007 : Incendies de Wajdi Mouawad<\/li>\n<\/ul>\n<p style=\"text-align: justify;\"><span style=\"color: #008080;\"><strong>Distribution<\/strong><\/span><\/p>\n<p style=\"text-align: center;\"><span style=\"color: #008080;\"><strong>Com\u00e9diens<\/strong><\/span><\/p>\n<p style=\"text-align: center;\">Rosalie M\u00fcller<\/p>\n<p style=\"text-align: center;\">Ana\u00efs Rahm<\/p>\n<p style=\"text-align: center;\">Louis Loup Collet<\/p>\n<p style=\"text-align: center;\"><span style=\"color: #008080;\"><strong>Musiciens<\/strong><\/span><\/p>\n<p style=\"text-align: center;\">Artur Papp Karoly (Violon I)<\/p>\n<p style=\"text-align: center;\">Jonas Pache (Violon II)<\/p>\n<p style=\"text-align: center;\">No\u00e9mie De Rham (Alto)<\/p>\n<p style=\"text-align: center;\">Valentin Roze (Violoncelle)<\/p>\n<p style=\"text-align: center;\">Didier M\u00fcller (Clarinette)<\/p>\n<p style=\"text-align: center;\">Soledina Camesi (Harpe)<\/p>\n<p style=\"text-align: center;\">Maryl\u00e8ne M\u00fcller (Chant)<\/p>\n<p style=\"text-align: justify;\"><strong>R\u00e9actions du public<\/strong><\/p>\n<p style=\"text-align: justify;\">\u00ab\u00a0Le spectacle d&rsquo;Anne Frank est \u00e0 l&rsquo;image du livre. Intense, puissant et d\u00e9licatement intimiste. La sobri\u00e9t\u00e9 des \u00e9l\u00e9ments sc\u00e9niques laisse toute la place \u00e0 la profondeur des textes et de la musique. J&rsquo;ai \u00e9norm\u00e9ment appr\u00e9ci\u00e9 le choix des textes qui offre un regard quasi exhaustif du journal d&rsquo;Anne Frank. Au fil du livre, on remarque une alternance entre les petites his-toires futiles du quotidien qui contraste avec les r\u00e9flexions d&rsquo;une maturit\u00e9 saisissante pour une fille de 13 ans. La pi\u00e8ce d\u00e9peint habilement ce paradoxe.<\/p>\n<p style=\"text-align: justify;\">La narration est interpr\u00e9t\u00e9e par trois diff\u00e9rents com\u00e9diens et permet de laisser une grande place \u00e0 l&rsquo;imaginaire et \u00e0 la cr\u00e9ativit\u00e9, ne r\u00e9duisant ainsi pas le personnage d&rsquo;Anne Frank \u00e0 une seule \u00ab\u00a0personnalit\u00e9\u00a0\u00bb. Un choix courageux a \u00e9t\u00e9 fait en osant un com\u00e9dien masculin narrer le journal d&rsquo;Anne Frank. Un peu d\u00e9routant mais qui se justifie en quelque sorte pour exprimer toute l&rsquo;humanit\u00e9 des r\u00e9flexions d&rsquo;Anne Frank.<\/p>\n<p style=\"text-align: justify;\">La musique transporte et transmet une certaine gravit\u00e9 sans jamais laisser une quelconque place \u00e0 la m\u00e9lancolie, rendant ainsi pleinement hommage \u00e0 la nature profond\u00e9ment positive des textes d&rsquo;Anne Frank. Les lettres du journal sont pour ainsi dire remplac\u00e9es par des notes qui composent son \u00ab\u00a0journal intime musical\u00a0\u00bb. Ces interludes sonores permettent au specta-teur de pleinement savourer et m\u00e9diter la puissance des textes sous l&rsquo;effet des \u00e9motions qui s&rsquo;en d\u00e9gagent.<\/p>\n<p style=\"text-align: justify;\">Ce spectacle permet de se (re)plonger le journal d&rsquo;Anne Frank de mani\u00e8re intime sans jamais basculer dans le voyeurisme. En d\u00e9finitive, cette pi\u00e8ce est un hymne triomphant \u00e0 l&rsquo;optimisme et de la foi d&rsquo;Anne Frank en la profonde bont\u00e9 de l&rsquo;homme, sans jamais en occulter sa part d\u2019ombre\u00a0\u00bb. (Rapha\u00ebl Ghidini 27 ans, avocat)<\/p>\n<p style=\"text-align: justify;\">\u00ab Le spectacle \u00ab\u00a0Le journal d&rsquo;Anne Frank\u00a0\u00bb est une belle r\u00e9ussite p\u00e9dagogique. En effet, il permet par une musique tr\u00e8s bien \u00e9crite de laisser partir les \u00e9l\u00e8ves dans leurs pens\u00e9es et de les faire r\u00e9fl\u00e9chir aux phrases lourdes de sens du r\u00e9cit d&rsquo;Anne Frank. Cette construction qui alterne musique et paroles apporte \u00e0 l&rsquo;auditeur parfois un stimuli, parfois un apaisement \u00e9motionnel qui d\u00e9passe le sens premier des mots, et qui est tr\u00e8s bienvenu pour un th\u00e8me aussi prenant. La musique permet de vivre et d&rsquo;ancrer au plus profond de soit ce r\u00e9cit plein de questionnements et d\u2019espoir. \u00bb (Nicolas Reymond, professeur de musique au coll\u00e8ge de l\u2019Union \u00e0 Prilly)<\/p>\n<p style=\"text-align: justify;\">&#8211;\u00a0\u00a0\u00a0\u00a0\u00a0\u00a0\u00a0\u00a0\u00a0 Avez-vous \u00e9t\u00e9 inspir\u00e9 d\u2019une mani\u00e8re ou d\u2019une autre par Anne Frank ?<\/p>\n<p style=\"text-align: justify;\">&#8211;\u00a0\u00a0\u00a0\u00a0\u00a0\u00a0\u00a0\u00a0 \u00ab Oui, cette capacit\u00e9 qu\u2019elle a de garder espoir malgr\u00e9 ce qu\u2019elle vit. Ne pas sans cesse s\u2019apitoyer sur son sort et d\u2019arriver \u00e0 penser aux gens qui ont moins qu\u2019elle, j\u2019aimerai mieux y arriver. Et elle m\u2019a rappel\u00e9e qu\u2019il faut croire en ses r\u00eaves, ils pourront se r\u00e9aliser. (R\u00e9ponse \u00e0 une questionnaire anonyme distribu\u00e9 aux classes de la Sarraz)<\/p>\n<p style=\"text-align: center;\">_________<\/p>\n","protected":false},"excerpt":{"rendered":"<p>Samedi 10 f\u00e9vrier 2018 \u00e0 20h et Dimanche 11 f\u00e9vrier 2018 \u00e0 17h : Cr\u00e9ation musicale autour des textes du Journal d\u2019Anne Frank Th\u00e9\u00e2tre St-L\u00e9on. 11 Place du Cardinal Amette, 75015 Paris R\u00e9servation :\u00a0www.billetweb.fr\/le-journal-d-anne-franck Nous vous proposons ce spectacle d\u00e9j\u00e0 vu en Suisse par un de nos membres : \u00ab\u00a0Voici pourquoi il faut aller voir &hellip; <a href=\"https:\/\/www.cirdic.fr\/index.php\/2017\/11\/23\/le-journal-danne-franck-au-theatre-st-leon\/\" class=\"more-link\">Continuer la lecture<span class=\"screen-reader-text\"> de &laquo;&nbsp;Le Journal d&rsquo;Anne Frank au th\u00e9\u00e2tre St-L\u00e9on&nbsp;&raquo;<\/span><\/a><\/p>\n","protected":false},"author":1,"featured_media":0,"comment_status":"closed","ping_status":"closed","sticky":false,"template":"","format":"standard","meta":{"_jetpack_memberships_contains_paid_content":false,"footnotes":""},"categories":[23],"tags":[],"class_list":["post-2520","post","type-post","status-publish","format-standard","hentry","category-theatre"],"jetpack_featured_media_url":"","jetpack_sharing_enabled":true,"_links":{"self":[{"href":"https:\/\/www.cirdic.fr\/index.php\/wp-json\/wp\/v2\/posts\/2520","targetHints":{"allow":["GET"]}}],"collection":[{"href":"https:\/\/www.cirdic.fr\/index.php\/wp-json\/wp\/v2\/posts"}],"about":[{"href":"https:\/\/www.cirdic.fr\/index.php\/wp-json\/wp\/v2\/types\/post"}],"author":[{"embeddable":true,"href":"https:\/\/www.cirdic.fr\/index.php\/wp-json\/wp\/v2\/users\/1"}],"replies":[{"embeddable":true,"href":"https:\/\/www.cirdic.fr\/index.php\/wp-json\/wp\/v2\/comments?post=2520"}],"version-history":[{"count":3,"href":"https:\/\/www.cirdic.fr\/index.php\/wp-json\/wp\/v2\/posts\/2520\/revisions"}],"predecessor-version":[{"id":4195,"href":"https:\/\/www.cirdic.fr\/index.php\/wp-json\/wp\/v2\/posts\/2520\/revisions\/4195"}],"wp:attachment":[{"href":"https:\/\/www.cirdic.fr\/index.php\/wp-json\/wp\/v2\/media?parent=2520"}],"wp:term":[{"taxonomy":"category","embeddable":true,"href":"https:\/\/www.cirdic.fr\/index.php\/wp-json\/wp\/v2\/categories?post=2520"},{"taxonomy":"post_tag","embeddable":true,"href":"https:\/\/www.cirdic.fr\/index.php\/wp-json\/wp\/v2\/tags?post=2520"}],"curies":[{"name":"wp","href":"https:\/\/api.w.org\/{rel}","templated":true}]}}