{"id":2444,"date":"2017-10-18T11:34:58","date_gmt":"2017-10-18T09:34:58","guid":{"rendered":"http:\/\/www.cirdic.fr\/?p=2444"},"modified":"2017-10-18T11:34:58","modified_gmt":"2017-10-18T09:34:58","slug":"a-noter-jeudi-theologie-consacre-a-j-m-lustiger","status":"publish","type":"post","link":"https:\/\/www.cirdic.fr\/index.php\/2017\/10\/18\/a-noter-jeudi-theologie-consacre-a-j-m-lustiger\/","title":{"rendered":"A noter : Jeudi \u00ab\u00a0Th\u00e9ologie\u00a0\u00bb consacr\u00e9 \u00e0 J.M. Lustiger"},"content":{"rendered":"<p><img loading=\"lazy\" decoding=\"async\" class=\"size-thumbnail wp-image-2445 alignleft\" src=\"https:\/\/www.cirdic.fr\/wp-content\/uploads\/2017\/10\/Lustiger-150x150.jpg\" alt=\"\" width=\"150\" height=\"150\" \/>Un jeudi \u00ab\u00a0Th\u00e9ologie\u00a0\u00bb le 11 janvier 2018 \u00e0 12h45 aux Bernardins consacr\u00e9 \u00e0 Jean Marie Lustiger : pasteur et th\u00e9ologien, par le P\u00e8re Jean Baptiste Arnaud.<\/p>\n<p><a href=\"https:\/\/www.collegedesbernardins.fr\/content\/jean-marie-lustiger-pasteur-et-theologien\" target=\"_blank\" rel=\"noopener\">Pour s&rsquo;inscrire c&rsquo;est ici.<\/a><\/p>\n<p>N\u00e9 \u00e0 Lyon en 1977, Jean-Baptiste Arnaud est pr\u00eatre du dioc\u00e8se de Paris depuis juin 2007.<!--more--><\/p>\n<p>Apr\u00e8s avoir \u00e9t\u00e9 vicaire \u00e0 la paroisse Sainte-Marie des Batignolles (Paris 17\u00e8me) puis \u00e0 la paroisse Saint-S\u00e9verin (Paris 5\u00e8me), il est d\u00e9sormais \u00e0 la paroisse Saint-Germain des Pr\u00e9s (Paris 6\u00e8me) o\u00f9 il intervient aupr\u00e8s des \u00e9tudiants et des jeunes professionnels, notamment dans une formation sur la doctrine sociale de l\u2019Eglise.\u00a0Il est membre du conseil scientifique de l\u2019Institut Jean-Marie Lustiger.<\/p>\n<ul class=\"circle-violet-before\">\n<li><em>Selon ta parole. La pr\u00e9dication de Jean-Marie Lustiger<\/em>, Parole et Silence, avril 2016.<\/li>\n<li>\u00ab\u00a0La pr\u00e9dication de Jean-Marie Lustiger, archev\u00eaque de Paris\u00a0\u00bb,\u00a0<em>Pr\u00eatres dioc\u00e9sains<\/em>, num\u00e9ro sp\u00e9cial, n\u00b01534, 2017, p.133-144.<\/li>\n<li>\u00ab Le Messie d\u2019Isra\u00ebl dans la pr\u00e9dication de Jean-Marie Lustiger \u00bb,\u00a0<em>Revue Th\u00e9ologique des Bernardins<\/em>, Actes du colloque \u00ab La Promesse, de g\u00e9n\u00e9ration en g\u00e9n\u00e9ration \u00bb 19-20 octobre 2014, hors-s\u00e9rie, mars 2015.<\/li>\n<\/ul>\n","protected":false},"excerpt":{"rendered":"<p>Un jeudi \u00ab\u00a0Th\u00e9ologie\u00a0\u00bb le 11 janvier 2018 \u00e0 12h45 aux Bernardins consacr\u00e9 \u00e0 Jean Marie Lustiger : pasteur et th\u00e9ologien, par le P\u00e8re Jean Baptiste Arnaud. Pour s&rsquo;inscrire c&rsquo;est ici. N\u00e9 \u00e0 Lyon en 1977, Jean-Baptiste Arnaud est pr\u00eatre du dioc\u00e8se de Paris depuis juin 2007.<\/p>\n","protected":false},"author":2,"featured_media":0,"comment_status":"closed","ping_status":"closed","sticky":false,"template":"","format":"standard","meta":{"_jetpack_memberships_contains_paid_content":false,"footnotes":""},"categories":[24],"tags":[],"class_list":["post-2444","post","type-post","status-publish","format-standard","hentry","category-conferences"],"jetpack_featured_media_url":"","jetpack_sharing_enabled":true,"_links":{"self":[{"href":"https:\/\/www.cirdic.fr\/index.php\/wp-json\/wp\/v2\/posts\/2444","targetHints":{"allow":["GET"]}}],"collection":[{"href":"https:\/\/www.cirdic.fr\/index.php\/wp-json\/wp\/v2\/posts"}],"about":[{"href":"https:\/\/www.cirdic.fr\/index.php\/wp-json\/wp\/v2\/types\/post"}],"author":[{"embeddable":true,"href":"https:\/\/www.cirdic.fr\/index.php\/wp-json\/wp\/v2\/users\/2"}],"replies":[{"embeddable":true,"href":"https:\/\/www.cirdic.fr\/index.php\/wp-json\/wp\/v2\/comments?post=2444"}],"version-history":[{"count":0,"href":"https:\/\/www.cirdic.fr\/index.php\/wp-json\/wp\/v2\/posts\/2444\/revisions"}],"wp:attachment":[{"href":"https:\/\/www.cirdic.fr\/index.php\/wp-json\/wp\/v2\/media?parent=2444"}],"wp:term":[{"taxonomy":"category","embeddable":true,"href":"https:\/\/www.cirdic.fr\/index.php\/wp-json\/wp\/v2\/categories?post=2444"},{"taxonomy":"post_tag","embeddable":true,"href":"https:\/\/www.cirdic.fr\/index.php\/wp-json\/wp\/v2\/tags?post=2444"}],"curies":[{"name":"wp","href":"https:\/\/api.w.org\/{rel}","templated":true}]}}